{"id":7889,"date":"2013-08-03T01:48:00","date_gmt":"2013-08-03T01:48:00","guid":{"rendered":"http:\/\/preprod.meltem-int.com\/marie\/blog\/?p=7889"},"modified":"2013-08-03T01:48:00","modified_gmt":"2013-08-03T01:48:00","slug":"assomption-2013","status":"publish","type":"post","link":"https:\/\/www.associationdemarie.org\/blog\/assomption-2013\/","title":{"rendered":"Assomption 2013"},"content":{"rendered":"<p>&nbsp;<\/p>\n<p><a href=\"https:\/\/www.associationdemarie.org\/blog\/wp-content\/uploads\/2012\/07\/Assomption.jpg\"><img loading=\"lazy\" decoding=\"async\" class=\"aligncenter\" title=\"Assomption\" alt=\"\" src=\"https:\/\/www.associationdemarie.org\/blog\/wp-content\/uploads\/2012\/07\/Assomption-300x225.jpg\" width=\"300\" height=\"225\" \/><\/a><\/p>\n<p>Nous nous retrouverons le <strong>jeudi 15 ao\u00fbt<\/strong>\u00a0pour notre grande rencontre \u00e0 l&rsquo;occasion de l&rsquo;Assomption de la Vierge Marie.<\/p>\n<p>9h30 \u00a0 \u00a0 Accueil au Mas Dieu (Montarnaud 34)<\/p>\n<p>10h \u00a0 \u00a0 \u00a0 Procession de Marie M\u00e8re des hommes<\/p>\n<p>11h \u00a0 \u00a0 \u00a0 Messe en l&rsquo;Eglise de Montarnaud<\/p>\n<p>12h15 \u00a0Ang\u00e9lus et repas convivial au Mas.<\/p>\n<p>Un repas est propos\u00e9 ce jour l\u00e0 pour ceux qui le souhaitent (12 euros).<\/p>\n<p>14h \u00a0 \u00a0 \u00a0Pri\u00e8re du Rosaire \u00ab\u00a0les myst\u00e8res glorieux\u00a0\u00bb<\/p>\n<p>15h \u00a0 \u00a0 \u00a0Message<\/p>\n<p>Une pri\u00e8re de gu\u00e9rison cl\u00f4turera cette journ\u00e9e.<\/p>\n<p>&nbsp;<\/p>\n<p>&nbsp;<\/p>\n<p>&nbsp;<\/p>\n<p>&nbsp;<\/p>\n","protected":false},"excerpt":{"rendered":"<p>&nbsp; Nous nous retrouverons le jeudi 15 ao\u00fbt\u00a0pour notre grande rencontre \u00e0 l&rsquo;occasion de l&rsquo;Assomption de la Vierge Marie. 9h30 \u00a0 \u00a0 Accueil au Mas Dieu (Montarnaud 34) 10h \u00a0 \u00a0 \u00a0 Procession de Marie M\u00e8re des hommes 11h \u00a0 \u00a0 \u00a0 Messe en l&rsquo;Eglise de Montarnaud 12h15 \u00a0Ang\u00e9lus et repas convivial au Mas. Un [&hellip;]<\/p>\n","protected":false},"author":2,"featured_media":0,"comment_status":"closed","ping_status":"closed","sticky":false,"template":"","format":"standard","meta":{"footnotes":""},"categories":[2,3,5,14,17,19],"tags":[114,640,668,671,881],"class_list":["post-7889","post","type-post","status-publish","format-standard","hentry","category-actualites","category-liturgique","category-bulletin","category-groupe-prieres","category-maison-de-marie-dardouane","category-messages","tag-assomption","tag-marie-mere-des-hommes","tag-message","tag-messe","tag-rencontres"],"_links":{"self":[{"href":"https:\/\/www.associationdemarie.org\/blog\/wp-json\/wp\/v2\/posts\/7889","targetHints":{"allow":["GET"]}}],"collection":[{"href":"https:\/\/www.associationdemarie.org\/blog\/wp-json\/wp\/v2\/posts"}],"about":[{"href":"https:\/\/www.associationdemarie.org\/blog\/wp-json\/wp\/v2\/types\/post"}],"author":[{"embeddable":true,"href":"https:\/\/www.associationdemarie.org\/blog\/wp-json\/wp\/v2\/users\/2"}],"replies":[{"embeddable":true,"href":"https:\/\/www.associationdemarie.org\/blog\/wp-json\/wp\/v2\/comments?post=7889"}],"version-history":[{"count":0,"href":"https:\/\/www.associationdemarie.org\/blog\/wp-json\/wp\/v2\/posts\/7889\/revisions"}],"wp:attachment":[{"href":"https:\/\/www.associationdemarie.org\/blog\/wp-json\/wp\/v2\/media?parent=7889"}],"wp:term":[{"taxonomy":"category","embeddable":true,"href":"https:\/\/www.associationdemarie.org\/blog\/wp-json\/wp\/v2\/categories?post=7889"},{"taxonomy":"post_tag","embeddable":true,"href":"https:\/\/www.associationdemarie.org\/blog\/wp-json\/wp\/v2\/tags?post=7889"}],"curies":[{"name":"wp","href":"https:\/\/api.w.org\/{rel}","templated":true}]}}