{"id":7844,"date":"2013-07-27T01:11:28","date_gmt":"2013-07-27T01:11:28","guid":{"rendered":"http:\/\/preprod.meltem-int.com\/marie\/blog\/?p=7844"},"modified":"2013-07-27T01:11:28","modified_gmt":"2013-07-27T01:11:28","slug":"laissez-les-pousser-ensemble-jusqua-la-moisson-2","status":"publish","type":"post","link":"https:\/\/www.associationdemarie.org\/blog\/laissez-les-pousser-ensemble-jusqua-la-moisson-2\/","title":{"rendered":"\u00ab Laissez-les pousser ensemble jusqu&rsquo;\u00e0 la moisson \u00bb"},"content":{"rendered":"<p style=\"text-align: justify;\"><a href=\"https:\/\/www.associationdemarie.org\/blog\/wp-content\/uploads\/2013\/07\/moisson.jpeg\"><img loading=\"lazy\" decoding=\"async\" class=\"aligncenter  wp-image-7845\" alt=\"moisson\" src=\"https:\/\/www.associationdemarie.org\/blog\/wp-content\/uploads\/2013\/07\/moisson.jpeg\" width=\"496\" height=\"175\" srcset=\"https:\/\/www.associationdemarie.org\/blog\/wp-content\/uploads\/2013\/07\/moisson.jpeg 709w, https:\/\/www.associationdemarie.org\/blog\/wp-content\/uploads\/2013\/07\/moisson-300x105.jpeg 300w\" sizes=\"auto, (max-width: 496px) 100vw, 496px\" \/><\/a><\/p>\n<p style=\"text-align: justify;\"><span style=\"color: #ffffff;\">.<\/span><\/p>\n<p style=\"text-align: justify;\">Les la\u00efcs, rassembl\u00e9s dans le Peuple de Dieu et constitu\u00e9s en un seul corps du Christ sous une seule T\u00eate (1Co 12,12; Col 2,19), sont tous appel\u00e9s, quels qu&rsquo;ils soient, \u00e0 contribuer, comme des membres vivants et de toutes les forces qu&rsquo;ils ont re\u00e7ues de la bont\u00e9 du Cr\u00e9ateur et de la gr\u00e2ce du R\u00e9dempteur, \u00e0 l&rsquo;accroissement de l&rsquo;\u00c9glise et \u00e0 sa sanctification continuelle.<\/p>\n<p>\u00a0\u00a0\u00a0\u00a0\u00a0\u00a0L&rsquo;apostolat des la\u00efcs est donc une participation \u00e0 la mission salvatrice de l&rsquo;\u00c9glise elle-m\u00eame ; tous sont destin\u00e9s \u00e0 cet apostolat par le Seigneur lui-m\u00eame en vertu de leur bapt\u00eame et de leur confirmation. Les sacrements, et en particulier la sainte eucharistie, communiquent et alimentent cet amour envers Dieu et envers les hommes qui est l&rsquo;\u00e2me de tout l&rsquo;apostolat. Mais les la\u00efcs sont sp\u00e9cialement appel\u00e9s \u00e0 rendre l&rsquo;\u00c9glise pr\u00e9sente et agissante en tout lieu et en toute circonstance o\u00f9 elle ne peut devenir \u00ab le sel de la terre \u00bb (Mt 5,13) que par eux. Ainsi tout la\u00efc, en vertu des dons qu&rsquo;il a re\u00e7us, est \u00e0 la fois un t\u00e9moin et un instrument vivant de la mission de l&rsquo;\u00c9glise, \u00ab selon que le Christ a mesur\u00e9 ses dons \u00bb (Ep 4,7)&#8230;<\/p>\n<p>C&rsquo;est donc une t\u00e2che magnifique qui attend tous les la\u00efcs : celle de travailler \u00e0 ce que le plan divin du salut se r\u00e9alise toujours davantage dans tous les hommes de tous les temps et par toute la terre. Que partout donc la voie leur soit ouverte afin que, selon leurs forces et selon les besoins du temps, ils puissent eux aussi travailler avec ardeur \u00e0 l&rsquo;\u0153uvre salvatrice de l&rsquo;\u00c9glise.<\/p>\n<p>Concile Vatican II<br \/>\n<i>Constitution dogmatique sur l&rsquo;\u00c9glise \u00ab Lumen gentium \u00bb, \u00a733<\/i><\/p>\n<p>&nbsp;<\/p>\n<p>&nbsp;<\/p>\n<p>&nbsp;<\/p>\n","protected":false},"excerpt":{"rendered":"<p>. Les la\u00efcs, rassembl\u00e9s dans le Peuple de Dieu et constitu\u00e9s en un seul corps du Christ sous une seule T\u00eate (1Co 12,12; Col 2,19), sont tous appel\u00e9s, quels qu&rsquo;ils soient, \u00e0 contribuer, comme des membres vivants et de toutes les forces qu&rsquo;ils ont re\u00e7ues de la bont\u00e9 du Cr\u00e9ateur et de la gr\u00e2ce du [&hellip;]<\/p>\n","protected":false},"author":2,"featured_media":0,"comment_status":"closed","ping_status":"closed","sticky":false,"template":"","format":"standard","meta":{"footnotes":""},"categories":[3,13,16,28],"tags":[220,1382,336,684,1174],"class_list":["post-7844","post","type-post","status-publish","format-standard","hentry","category-liturgique","category-ecritures","category-jardins-de-la-bible","category-saints-et-saintes","tag-christ","tag-ecritures","tag-eglise","tag-moisson","tag-vatican-2"],"_links":{"self":[{"href":"https:\/\/www.associationdemarie.org\/blog\/wp-json\/wp\/v2\/posts\/7844","targetHints":{"allow":["GET"]}}],"collection":[{"href":"https:\/\/www.associationdemarie.org\/blog\/wp-json\/wp\/v2\/posts"}],"about":[{"href":"https:\/\/www.associationdemarie.org\/blog\/wp-json\/wp\/v2\/types\/post"}],"author":[{"embeddable":true,"href":"https:\/\/www.associationdemarie.org\/blog\/wp-json\/wp\/v2\/users\/2"}],"replies":[{"embeddable":true,"href":"https:\/\/www.associationdemarie.org\/blog\/wp-json\/wp\/v2\/comments?post=7844"}],"version-history":[{"count":0,"href":"https:\/\/www.associationdemarie.org\/blog\/wp-json\/wp\/v2\/posts\/7844\/revisions"}],"wp:attachment":[{"href":"https:\/\/www.associationdemarie.org\/blog\/wp-json\/wp\/v2\/media?parent=7844"}],"wp:term":[{"taxonomy":"category","embeddable":true,"href":"https:\/\/www.associationdemarie.org\/blog\/wp-json\/wp\/v2\/categories?post=7844"},{"taxonomy":"post_tag","embeddable":true,"href":"https:\/\/www.associationdemarie.org\/blog\/wp-json\/wp\/v2\/tags?post=7844"}],"curies":[{"name":"wp","href":"https:\/\/api.w.org\/{rel}","templated":true}]}}