{"id":7840,"date":"2013-07-26T01:25:25","date_gmt":"2013-07-26T01:25:25","guid":{"rendered":"http:\/\/preprod.meltem-int.com\/marie\/blog\/?p=7840"},"modified":"2013-07-26T01:25:25","modified_gmt":"2013-07-26T01:25:25","slug":"sts-anne-et-joachim-mere-et-pere-de-la-sainte-vierge","status":"publish","type":"post","link":"https:\/\/www.associationdemarie.org\/blog\/sts-anne-et-joachim-mere-et-pere-de-la-sainte-vierge\/","title":{"rendered":"Sts Anne et Joachim, m\u00e8re et p\u00e8re de la Sainte Vierge"},"content":{"rendered":"<p><a href=\"https:\/\/www.associationdemarie.org\/blog\/wp-content\/uploads\/2013\/07\/Sant_Anna_J.jpg\"><img loading=\"lazy\" decoding=\"async\" class=\"size-medium wp-image-7841 alignleft\" alt=\"Sant_Anna_J\" src=\"https:\/\/www.associationdemarie.org\/blog\/wp-content\/uploads\/2013\/07\/Sant_Anna_J-190x300.jpg\" width=\"190\" height=\"300\" srcset=\"https:\/\/www.associationdemarie.org\/blog\/wp-content\/uploads\/2013\/07\/Sant_Anna_J-190x300.jpg 190w, https:\/\/www.associationdemarie.org\/blog\/wp-content\/uploads\/2013\/07\/Sant_Anna_J.jpg 463w\" sizes=\"auto, (max-width: 190px) 100vw, 190px\" \/><\/a>\u00ab Le Verbe, la Parole de Dieu, s&rsquo;est fait chair et il a habit\u00e9 parmi nous \u00bb&#8230; Dans le sein de la Vierge, la Sagesse de Dieu a commenc\u00e9 \u00e0 se b\u00e2tir la demeure d&rsquo;un corps comme la n\u00f4tre&#8230;; sans la coop\u00e9ration d&rsquo;un homme, elle a pris du corps de la Vierge la chair destin\u00e9e \u00e0 notre r\u00e9demption. C&rsquo;est donc depuis ce jour que \u00ab le Seigneur des arm\u00e9es est avec nous \u00bb, que le Dieu de Jacob est notre soutien, puisque le Seigneur prend notre condition humaine \u00ab pour que la gloire habite sur notre terre \u00bb.<\/p>\n<p>Oui, Seigneur, tu as \u00ab b\u00e9ni ta terre \u00bb, la terre \u00ab b\u00e9nie entre toutes les femmes \u00bb. Tu as r\u00e9pandu la gr\u00e2ce de l&rsquo;Esprit Saint pour que \u00ab notre terre donne le fruit b\u00e9ni de ses entrailles \u00bb, et que, de la ros\u00e9e descendue du ciel dans un sein virginal, germe le Sauveur. Cette terre avait \u00e9t\u00e9 maudite \u00e0 cause du Menteur : m\u00eame quand on la travaillait, des ronces et des \u00e9pines germaient d&rsquo;elle pour les h\u00e9ritiers de la mal\u00e9diction. \u00c0 pr\u00e9sent, la terre est b\u00e9nie du fait du R\u00e9dempteur ; elle produit pour tous la r\u00e9mission des p\u00e9ch\u00e9s et le fruit de vie ; elle efface pour les fils d&rsquo;Adam la tare de la mal\u00e9diction originelle.<\/p>\n<p>Oui, elle est b\u00e9nie, cette terre absolument vierge qui sans avoir \u00e9t\u00e9 touch\u00e9e, ni b\u00each\u00e9e, ni ensemenc\u00e9e, fait germer le Sauveur de la seule ros\u00e9e du ciel et procure aux mortels le pain des anges, aliment de vie \u00e9ternelle. Cette terre non cultiv\u00e9e semblait \u00eatre d\u00e9nud\u00e9e, alors qu&rsquo;elle tenait cach\u00e9e en elle une r\u00e9colte abondante ; elle semblait \u00eatre un d\u00e9sert inhabit\u00e9, alors qu&rsquo;elle \u00e9tait un paradis de d\u00e9lices. Oui, ce lieu solitaire \u00e9tait le jardin o\u00f9 Dieu trouvait toute sa joie.<\/p>\n<p>(R\u00e9f\u00e9rences bibliques : Jn 1,14; 1Co 1,24; Pr 9,1; Ps 45,8; Ps 84,10.2; Lc 1,28; Ps 84,13 et Lc 1,42; Is 45,8; Gn 3,17-18; Jn 8,44; Ps 77,25)<\/p>\n<p>&nbsp;<\/p>\n<p>&nbsp;<\/p>\n<p>&nbsp;<\/p>\n<p>&nbsp;<\/p>\n","protected":false},"excerpt":{"rendered":"<p>\u00ab Le Verbe, la Parole de Dieu, s&rsquo;est fait chair et il a habit\u00e9 parmi nous \u00bb&#8230; Dans le sein de la Vierge, la Sagesse de Dieu a commenc\u00e9 \u00e0 se b\u00e2tir la demeure d&rsquo;un corps comme la n\u00f4tre&#8230;; sans la coop\u00e9ration d&rsquo;un homme, elle a pris du corps de la Vierge la chair destin\u00e9e [&hellip;]<\/p>\n","protected":false},"author":2,"featured_media":0,"comment_status":"closed","ping_status":"closed","sticky":false,"template":"","format":"standard","meta":{"footnotes":""},"categories":[3,13,15,16,28],"tags":[1382,536,636,1048,1086,1179,1188],"class_list":["post-7840","post","type-post","status-publish","format-standard","hentry","category-liturgique","category-ecritures","category-histoire","category-jardins-de-la-bible","category-saints-et-saintes","tag-ecritures","tag-jesus-christ","tag-marie","tag-st-joachim","tag-ste-anne","tag-verbe","tag-vierge"],"_links":{"self":[{"href":"https:\/\/www.associationdemarie.org\/blog\/wp-json\/wp\/v2\/posts\/7840","targetHints":{"allow":["GET"]}}],"collection":[{"href":"https:\/\/www.associationdemarie.org\/blog\/wp-json\/wp\/v2\/posts"}],"about":[{"href":"https:\/\/www.associationdemarie.org\/blog\/wp-json\/wp\/v2\/types\/post"}],"author":[{"embeddable":true,"href":"https:\/\/www.associationdemarie.org\/blog\/wp-json\/wp\/v2\/users\/2"}],"replies":[{"embeddable":true,"href":"https:\/\/www.associationdemarie.org\/blog\/wp-json\/wp\/v2\/comments?post=7840"}],"version-history":[{"count":0,"href":"https:\/\/www.associationdemarie.org\/blog\/wp-json\/wp\/v2\/posts\/7840\/revisions"}],"wp:attachment":[{"href":"https:\/\/www.associationdemarie.org\/blog\/wp-json\/wp\/v2\/media?parent=7840"}],"wp:term":[{"taxonomy":"category","embeddable":true,"href":"https:\/\/www.associationdemarie.org\/blog\/wp-json\/wp\/v2\/categories?post=7840"},{"taxonomy":"post_tag","embeddable":true,"href":"https:\/\/www.associationdemarie.org\/blog\/wp-json\/wp\/v2\/tags?post=7840"}],"curies":[{"name":"wp","href":"https:\/\/api.w.org\/{rel}","templated":true}]}}