{"id":7801,"date":"2013-07-18T01:01:01","date_gmt":"2013-07-18T01:01:01","guid":{"rendered":"http:\/\/preprod.meltem-int.com\/marie\/blog\/?p=7801"},"modified":"2013-07-18T01:01:01","modified_gmt":"2013-07-18T01:01:01","slug":"devenez-mes-disciples-car-je-suis-doux-et-humble-de-coeur","status":"publish","type":"post","link":"https:\/\/www.associationdemarie.org\/blog\/devenez-mes-disciples-car-je-suis-doux-et-humble-de-coeur\/","title":{"rendered":"\u00ab Devenez mes disciples, car je suis doux et humble de c\u0153ur.  \u00bb"},"content":{"rendered":"<p><a href=\"https:\/\/www.associationdemarie.org\/blog\/wp-content\/uploads\/2013\/07\/prendre_soin_-_petit.jpg\"><img loading=\"lazy\" decoding=\"async\" class=\"alignright  wp-image-7802\" alt=\"prendre_soin_-_petit\" src=\"https:\/\/www.associationdemarie.org\/blog\/wp-content\/uploads\/2013\/07\/prendre_soin_-_petit-242x300.jpg\" width=\"194\" height=\"240\" srcset=\"https:\/\/www.associationdemarie.org\/blog\/wp-content\/uploads\/2013\/07\/prendre_soin_-_petit-242x300.jpg 242w, https:\/\/www.associationdemarie.org\/blog\/wp-content\/uploads\/2013\/07\/prendre_soin_-_petit.jpg 259w\" sizes=\"auto, (max-width: 194px) 100vw, 194px\" \/><\/a>Chers amis&#8230;, le centre de la vocation chr\u00e9tienne, [c&rsquo;est] le Christ ! Nous gardons le Christ dans notre vie, pour garder les autres, pour garder la cr\u00e9ation. La vocation de garder, cependant, ne nous concerne pas seulement nous les chr\u00e9tiens, elle a une dimension qui pr\u00e9c\u00e8de et qui est simplement humaine, elle concerne tout le monde. C&rsquo;est le fait de garder la cr\u00e9ation tout enti\u00e8re, la beaut\u00e9 de la cr\u00e9ation, comme il nous est dit dans le livre de la Gen\u00e8se et comme nous l&rsquo;a montr\u00e9 saint Fran\u00e7ois d&rsquo;Assise : c&rsquo;est le fait d&rsquo;avoir du respect pour toute cr\u00e9ature de Dieu et pour l&rsquo;environnement dans lequel nous vivons.<\/p>\n<p>C&rsquo;est le fait de garder les gens, d&rsquo;avoir soin de tous, de chaque personne, avec amour, sp\u00e9cialement des enfants, des personnes \u00e2g\u00e9es, de celles qui sont plus fragiles et qui souvent sont dans la p\u00e9riph\u00e9rie de notre c\u0153ur. C&rsquo;est d&rsquo;avoir soin l&rsquo;un de l&rsquo;autre dans la famille : les \u00e9poux se gardent r\u00e9ciproquement, puis comme parents ils prennent soin des enfants et avec le temps aussi les enfants deviennent gardiens des parents. C&rsquo;est le fait de vivre avec sinc\u00e9rit\u00e9 les amiti\u00e9s&#8230; Au fond, tout est confi\u00e9 \u00e0 la garde de l&rsquo;homme, et c&rsquo;est une responsabilit\u00e9 qui nous concerne tous. Soyez des gardiens des dons de Dieu !&#8230;<\/p>\n<p>Je voudrais demander, s&rsquo;il vous pla\u00eet, \u00e0 tous ceux qui occupent des r\u00f4les de responsabilit\u00e9 dans le domaine \u00e9conomique, politique ou social, \u00e0 tous les hommes et \u00e0 toutes les femmes de bonne volont\u00e9 : nous sommes gardiens de la cr\u00e9ation, du dessein de Dieu inscrit dans la nature, gardiens de l&rsquo;autre, de l&rsquo;environnement ; ne permettons pas que des signes de destruction et de mort accompagnent la marche de notre monde. Mais pour \u00ab garder \u00bb nous devons aussi avoir soin de nous-m\u00eames. Rappelons-nous que la haine, l&rsquo;envie, l&rsquo;orgueil souillent la vie. Garder veut dire alors veiller sur nos sentiments, sur notre c\u0153ur, parce que c&rsquo;est de l\u00e0 que sortent les intentions bonnes et mauvaises (Lc 6,45) : celles qui construisent et celles qui d\u00e9truisent. Nous ne devons pas avoir peur de la bont\u00e9, et m\u00eame pas non plus de la tendresse !<\/p>\n<p>Pape Fran\u00e7ois<br \/>\n<i>Hom\u00e9lie du 19\/03\/2013, Messe d&rsquo;inauguration du pontificat (trad. \u00a9 Libreria Editrice Vaticana)<\/i><\/p>\n<p>&nbsp;<\/p>\n<p>&nbsp;<\/p>\n<p>&nbsp;<\/p>\n<p>&nbsp;<\/p>\n","protected":false},"excerpt":{"rendered":"<p>Chers amis&#8230;, le centre de la vocation chr\u00e9tienne, [c&rsquo;est] le Christ ! Nous gardons le Christ dans notre vie, pour garder les autres, pour garder la cr\u00e9ation. La vocation de garder, cependant, ne nous concerne pas seulement nous les chr\u00e9tiens, elle a une dimension qui pr\u00e9c\u00e8de et qui est simplement humaine, elle concerne tout le [&hellip;]<\/p>\n","protected":false},"author":2,"featured_media":0,"comment_status":"closed","ping_status":"closed","sticky":false,"template":"","format":"standard","meta":{"footnotes":""},"categories":[3,13,16,28],"tags":[168,220,269,433,1030,1133],"class_list":["post-7801","post","type-post","status-publish","format-standard","hentry","category-liturgique","category-ecritures","category-jardins-de-la-bible","category-saints-et-saintes","tag-bonte","tag-christ","tag-creation","tag-francois","tag-st-francois-dassise","tag-tendresse"],"_links":{"self":[{"href":"https:\/\/www.associationdemarie.org\/blog\/wp-json\/wp\/v2\/posts\/7801","targetHints":{"allow":["GET"]}}],"collection":[{"href":"https:\/\/www.associationdemarie.org\/blog\/wp-json\/wp\/v2\/posts"}],"about":[{"href":"https:\/\/www.associationdemarie.org\/blog\/wp-json\/wp\/v2\/types\/post"}],"author":[{"embeddable":true,"href":"https:\/\/www.associationdemarie.org\/blog\/wp-json\/wp\/v2\/users\/2"}],"replies":[{"embeddable":true,"href":"https:\/\/www.associationdemarie.org\/blog\/wp-json\/wp\/v2\/comments?post=7801"}],"version-history":[{"count":0,"href":"https:\/\/www.associationdemarie.org\/blog\/wp-json\/wp\/v2\/posts\/7801\/revisions"}],"wp:attachment":[{"href":"https:\/\/www.associationdemarie.org\/blog\/wp-json\/wp\/v2\/media?parent=7801"}],"wp:term":[{"taxonomy":"category","embeddable":true,"href":"https:\/\/www.associationdemarie.org\/blog\/wp-json\/wp\/v2\/categories?post=7801"},{"taxonomy":"post_tag","embeddable":true,"href":"https:\/\/www.associationdemarie.org\/blog\/wp-json\/wp\/v2\/tags?post=7801"}],"curies":[{"name":"wp","href":"https:\/\/api.w.org\/{rel}","templated":true}]}}