{"id":7782,"date":"2013-07-14T01:08:50","date_gmt":"2013-07-14T01:08:50","guid":{"rendered":"http:\/\/preprod.meltem-int.com\/marie\/blog\/?p=7782"},"modified":"2013-07-14T01:08:50","modified_gmt":"2013-07-14T01:08:50","slug":"le-bon-samaritain","status":"publish","type":"post","link":"https:\/\/www.associationdemarie.org\/blog\/le-bon-samaritain\/","title":{"rendered":"Le bon Samaritain"},"content":{"rendered":"<p><a href=\"https:\/\/www.associationdemarie.org\/blog\/wp-content\/uploads\/2013\/06\/goodsamaritan.jpg\"><img loading=\"lazy\" decoding=\"async\" class=\"alignleft size-full wp-image-7783\" alt=\"goodsamaritan\" src=\"https:\/\/www.associationdemarie.org\/blog\/wp-content\/uploads\/2013\/06\/goodsamaritan.jpg\" width=\"231\" height=\"294\" \/><\/a>\u00ab Un homme descendait de J\u00e9rusalem \u00e0 J\u00e9richo \u00bb&#8230; J\u00e9richo est le symbole de ce monde o\u00f9, apr\u00e8s avoir \u00e9t\u00e9 chass\u00e9 du Paradis, c&rsquo;est-\u00e0-dire de la J\u00e9rusalem c\u00e9leste, Adam est descendu&#8230; C&rsquo;est le changement non pas de lieu mais de conduite qui a fait son exil. Quel changement ! Cet Adam qui jouissait d&rsquo;un bonheur sans inqui\u00e9tude, d\u00e8s qu&rsquo;il s&rsquo;est abaiss\u00e9 aux fautes de ce monde, a rencontr\u00e9 des larrons&#8230; Qui sont ces larrons, sinon des anges de la nuit et des t\u00e9n\u00e8bres, qui se d\u00e9guisent parfois en anges de lumi\u00e8re (2Co 11,14), mais qui ne peuvent pas y demeurer ? Ils commencent par nous d\u00e9pouiller des v\u00eatements de gr\u00e2ce spirituelle que nous avons re\u00e7us : c&rsquo;est ainsi qu&rsquo;ils font d&rsquo;habitude pour nous blesser&#8230; Prends donc garde \u00e0 ne pas te laisser d\u00e9pouiller, comme Adam, priv\u00e9 de la protection du commandement de Dieu et d\u00e9pourvu du v\u00eatement de la foi. Voil\u00e0 pourquoi il a re\u00e7u la blessure mortelle \u00e0 laquelle tout le genre humain aurait succomb\u00e9, si le Samaritain n&rsquo;\u00e9tait descendu gu\u00e9rir ses blessures affreuses.<\/p>\n<p>Ce n&rsquo;est pas n&rsquo;importe qui, ce Samaritain : celui que le pr\u00eatre et le l\u00e9vite avaient d\u00e9daign\u00e9, lui ne l&rsquo;a pas d\u00e9daign\u00e9&#8230; Ce Samaritain descendait : \u00ab Qui est descendu du ciel, sinon celui qui est mont\u00e9 au ciel, le Fils de l&rsquo;homme, qui est au ciel ? \u00bb (Jn 3,13) Voyant \u00e0 demi mort cet homme que personne avant lui n&rsquo;avait pu gu\u00e9rir&#8230;, il s&rsquo;est approch\u00e9 de lui ; c&rsquo;est-\u00e0-dire qu&rsquo;en acceptant de souffrir avec nous, il s&rsquo;est fait notre prochain et qu&rsquo;en exer\u00e7ant la mis\u00e9ricorde envers nous, il s&rsquo;est fait notre voisin.<\/p>\n<p>Saint Ambroise (v. 340-397), \u00e9v\u00eaque de Milan et docteur de l&rsquo;\u00c9glise<br \/>\n<i>Commentaire sur l&rsquo;\u00e9vangile de Luc, 7,73 ; SC 52 (trad. cf SC, p. 33)<\/i><\/p>\n<p>&nbsp;<\/p>\n<p>&nbsp;<\/p>\n<p>&nbsp;<\/p>\n","protected":false},"excerpt":{"rendered":"<p>\u00ab Un homme descendait de J\u00e9rusalem \u00e0 J\u00e9richo \u00bb&#8230; J\u00e9richo est le symbole de ce monde o\u00f9, apr\u00e8s avoir \u00e9t\u00e9 chass\u00e9 du Paradis, c&rsquo;est-\u00e0-dire de la J\u00e9rusalem c\u00e9leste, Adam est descendu&#8230; C&rsquo;est le changement non pas de lieu mais de conduite qui a fait son exil. Quel changement ! Cet Adam qui jouissait d&rsquo;un bonheur [&hellip;]<\/p>\n","protected":false},"author":2,"featured_media":0,"comment_status":"closed","ping_status":"closed","sticky":false,"template":"","format":"standard","meta":{"footnotes":""},"categories":[3,4,13,16,28],"tags":[40,164,415,531,725,766,1007],"class_list":["post-7782","post","type-post","status-publish","format-standard","hentry","category-liturgique","category-iconographie","category-ecritures","category-jardins-de-la-bible","category-saints-et-saintes","tag-adam","tag-bon-samaritain","tag-fils-de-lhomme","tag-jericho","tag-nouvelle-jerusalem","tag-paradis","tag-st-ambroise"],"_links":{"self":[{"href":"https:\/\/www.associationdemarie.org\/blog\/wp-json\/wp\/v2\/posts\/7782","targetHints":{"allow":["GET"]}}],"collection":[{"href":"https:\/\/www.associationdemarie.org\/blog\/wp-json\/wp\/v2\/posts"}],"about":[{"href":"https:\/\/www.associationdemarie.org\/blog\/wp-json\/wp\/v2\/types\/post"}],"author":[{"embeddable":true,"href":"https:\/\/www.associationdemarie.org\/blog\/wp-json\/wp\/v2\/users\/2"}],"replies":[{"embeddable":true,"href":"https:\/\/www.associationdemarie.org\/blog\/wp-json\/wp\/v2\/comments?post=7782"}],"version-history":[{"count":0,"href":"https:\/\/www.associationdemarie.org\/blog\/wp-json\/wp\/v2\/posts\/7782\/revisions"}],"wp:attachment":[{"href":"https:\/\/www.associationdemarie.org\/blog\/wp-json\/wp\/v2\/media?parent=7782"}],"wp:term":[{"taxonomy":"category","embeddable":true,"href":"https:\/\/www.associationdemarie.org\/blog\/wp-json\/wp\/v2\/categories?post=7782"},{"taxonomy":"post_tag","embeddable":true,"href":"https:\/\/www.associationdemarie.org\/blog\/wp-json\/wp\/v2\/tags?post=7782"}],"curies":[{"name":"wp","href":"https:\/\/api.w.org\/{rel}","templated":true}]}}