{"id":7744,"date":"2013-07-07T01:45:16","date_gmt":"2013-07-07T01:45:16","guid":{"rendered":"http:\/\/preprod.meltem-int.com\/marie\/blog\/?p=7744"},"modified":"2013-07-07T01:45:16","modified_gmt":"2013-07-07T01:45:16","slug":"le-seigneur-les-envoya-devant-lui-dans-toutes-les-localites-ou-lui-meme-devait-aller","status":"publish","type":"post","link":"https:\/\/www.associationdemarie.org\/blog\/le-seigneur-les-envoya-devant-lui-dans-toutes-les-localites-ou-lui-meme-devait-aller\/","title":{"rendered":"\u00ab Le Seigneur les envoya devant lui dans toutes les localit\u00e9s o\u00f9 lui-m\u00eame devait aller. \u00bb"},"content":{"rendered":"<p style=\"text-align: justify;\"><a href=\"https:\/\/www.associationdemarie.org\/blog\/wp-content\/uploads\/2013\/06\/croix.jpg\"><img loading=\"lazy\" decoding=\"async\" class=\"aligncenter  wp-image-7745\" alt=\"croix\" src=\"https:\/\/www.associationdemarie.org\/blog\/wp-content\/uploads\/2013\/06\/croix.jpg\" width=\"432\" height=\"324\" srcset=\"https:\/\/www.associationdemarie.org\/blog\/wp-content\/uploads\/2013\/06\/croix.jpg 720w, https:\/\/www.associationdemarie.org\/blog\/wp-content\/uploads\/2013\/06\/croix-300x225.jpg 300w\" sizes=\"auto, (max-width: 432px) 100vw, 432px\" \/><\/a><\/p>\n<p style=\"text-align: justify;\">Combl\u00e9 d\u00e9j\u00e0 des gr\u00e2ces de l&rsquo;Esprit Saint, le bienheureux Fran\u00e7ois a pr\u00e9dit \u00e0 ses fr\u00e8res ce qui allait leur arriver. Dans le bois voisin de la chapelle de Sainte-Marie de la Portioncule, o\u00f9 ils avaient l&rsquo;habitude de se retirer pour faire oraison, il a r\u00e9uni ces six fr\u00e8res qu&rsquo;il avait alors et leur a dit\u00a0: \u00ab\u00a0Fr\u00e8res tr\u00e8s chers, comprenons bien notre vocation\u00a0: dans sa mis\u00e9ricorde, Dieu ne nous a pas seulement appel\u00e9s pour notre propre profit, mais aussi pour le service et m\u00eame le salut de beaucoup d&rsquo;autres. Allons donc par le monde\u00a0; exhortons et montrons aux hommes et aux femmes, par notre parole et notre exemple, \u00e0 faire p\u00e9nitence de leurs p\u00e9ch\u00e9s et \u00e0 se remettre en m\u00e9moire les commandements de Dieu qu&rsquo;ils ont si longtemps tenus dans l&rsquo;oubli\u00a0\u00bb.<\/p>\n<p>Puis il a ajout\u00e9\u00a0: \u00ab\u00a0Soyez sans crainte, petit troupeau (Lc 12,32), mais faites confiance au Seigneur. Ne vous demandez pas l&rsquo;un \u00e0 l&rsquo;autre\u00a0: &lsquo; Et comment donc allons-nous pr\u00eacher, ignorants et illettr\u00e9s comme nous sommes\u00a0? &lsquo; Rappelez-vous plut\u00f4t les paroles du Seigneur \u00e0 ses disciples\u00a0: &lsquo; En fait, ce n&rsquo;est pas vous qui parlerez, mais l&rsquo;Esprit de votre P\u00e8re qui parlera en vous &lsquo; (Mt 10,20). C&rsquo;est donc le Seigneur lui-m\u00eame qui vous communiquera son Esprit et sa sagesse pour exhorter et pr\u00eacher aux hommes et aux femmes la voie et la pratique de ses commandements\u00a0\u00bb.<\/p>\n<p>Vie de saint Fran\u00e7ois d&rsquo;Assise dite \u00ab Anonyme de P\u00e9rouse \u00bb (13\u00e8me s.)<br \/>\n<i>\u00a7 18 (trad. Debonnets et Vorreux, p. 763)<\/i><\/p>\n<p>&nbsp;<\/p>\n<p>&nbsp;<\/p>\n<p>&nbsp;<\/p>\n<p>&nbsp;<\/p>\n","protected":false},"excerpt":{"rendered":"<p>Combl\u00e9 d\u00e9j\u00e0 des gr\u00e2ces de l&rsquo;Esprit Saint, le bienheureux Fran\u00e7ois a pr\u00e9dit \u00e0 ses fr\u00e8res ce qui allait leur arriver. Dans le bois voisin de la chapelle de Sainte-Marie de la Portioncule, o\u00f9 ils avaient l&rsquo;habitude de se retirer pour faire oraison, il a r\u00e9uni ces six fr\u00e8res qu&rsquo;il avait alors et leur a dit\u00a0: [&hellip;]<\/p>\n","protected":false},"author":2,"featured_media":0,"comment_status":"closed","ping_status":"closed","sticky":false,"template":"","format":"standard","meta":{"footnotes":""},"categories":[3,13,14,17],"tags":[305,1382,387,927,1030],"class_list":["post-7744","post","type-post","status-publish","format-standard","hentry","category-liturgique","category-ecritures","category-groupe-prieres","category-maison-de-marie-dardouane","tag-disciples","tag-ecritures","tag-evangelisation","tag-saint-esprit","tag-st-francois-dassise"],"_links":{"self":[{"href":"https:\/\/www.associationdemarie.org\/blog\/wp-json\/wp\/v2\/posts\/7744","targetHints":{"allow":["GET"]}}],"collection":[{"href":"https:\/\/www.associationdemarie.org\/blog\/wp-json\/wp\/v2\/posts"}],"about":[{"href":"https:\/\/www.associationdemarie.org\/blog\/wp-json\/wp\/v2\/types\/post"}],"author":[{"embeddable":true,"href":"https:\/\/www.associationdemarie.org\/blog\/wp-json\/wp\/v2\/users\/2"}],"replies":[{"embeddable":true,"href":"https:\/\/www.associationdemarie.org\/blog\/wp-json\/wp\/v2\/comments?post=7744"}],"version-history":[{"count":0,"href":"https:\/\/www.associationdemarie.org\/blog\/wp-json\/wp\/v2\/posts\/7744\/revisions"}],"wp:attachment":[{"href":"https:\/\/www.associationdemarie.org\/blog\/wp-json\/wp\/v2\/media?parent=7744"}],"wp:term":[{"taxonomy":"category","embeddable":true,"href":"https:\/\/www.associationdemarie.org\/blog\/wp-json\/wp\/v2\/categories?post=7744"},{"taxonomy":"post_tag","embeddable":true,"href":"https:\/\/www.associationdemarie.org\/blog\/wp-json\/wp\/v2\/tags?post=7744"}],"curies":[{"name":"wp","href":"https:\/\/api.w.org\/{rel}","templated":true}]}}