{"id":7736,"date":"2013-07-05T01:49:58","date_gmt":"2013-07-05T01:49:58","guid":{"rendered":"http:\/\/preprod.meltem-int.com\/marie\/blog\/?p=7736"},"modified":"2013-07-05T01:49:58","modified_gmt":"2013-07-05T01:49:58","slug":"prochaine-rencontre-18","status":"publish","type":"post","link":"https:\/\/www.associationdemarie.org\/blog\/prochaine-rencontre-18\/","title":{"rendered":"Prochaine rencontre"},"content":{"rendered":"<p>Dimanche 14 juillet, nous nous rendrons en Ardouane.<\/p>\n<p>Messe \u00e0 11h \u00e0 St Pons de Thomi\u00e8res.<\/p>\n<p>Pique-nique, Pri\u00e8res, message, sous les ch\u00e2taigniers.<\/p>\n<p><a href=\"https:\/\/www.associationdemarie.org\/blog\/wp-content\/uploads\/2011\/05\/Ardouane.jpg\"><img loading=\"lazy\" decoding=\"async\" class=\"aligncenter size-full wp-image-3270\" alt=\"Ardouane\" src=\"https:\/\/www.associationdemarie.org\/blog\/wp-content\/uploads\/2011\/05\/Ardouane.jpg\" width=\"300\" height=\"120\" \/><\/a><\/p>\n<p><em><strong>Tous les ans et le deuxi\u00e8me dimanche de juillet, une tr\u00e8s grande r\u00e9union aura lieu ici. Ce sera un regroupement de jeunes, de gens plus \u00e2g\u00e9s, de personnes plus \u00e2g\u00e9es afin de mettre en commun leur Amour et leur Paix, afin qu&rsquo;ils apprennent \u00e0 se conna\u00eetre et qu&rsquo;ils apprennent \u00e0 faire conna\u00eetre autour d&rsquo;eux\u00a0 ce que c&rsquo;est de ressentir l&rsquo;Amour, la s\u00e9r\u00e9nit\u00e9 int\u00e9rieure.<\/strong><\/em><\/p>\n<p>Marie M\u00e8re des hommes &#8211; juillet 1994<\/p>\n<p>&nbsp;<\/p>\n<p>&nbsp;<\/p>\n<p>&nbsp;<\/p>\n<p>&nbsp;<\/p>\n<p><span style=\"color: #ffffff;\">.<\/span><\/p>\n","protected":false},"excerpt":{"rendered":"<p>Dimanche 14 juillet, nous nous rendrons en Ardouane. Messe \u00e0 11h \u00e0 St Pons de Thomi\u00e8res. Pique-nique, Pri\u00e8res, message, sous les ch\u00e2taigniers. Tous les ans et le deuxi\u00e8me dimanche de juillet, une tr\u00e8s grande r\u00e9union aura lieu ici. Ce sera un regroupement de jeunes, de gens plus \u00e2g\u00e9s, de personnes plus \u00e2g\u00e9es afin de mettre [&hellip;]<\/p>\n","protected":false},"author":2,"featured_media":0,"comment_status":"closed","ping_status":"closed","sticky":false,"template":"","format":"standard","meta":{"footnotes":""},"categories":[2,14,17,29],"tags":[99,640,830,881],"class_list":["post-7736","post","type-post","status-publish","format-standard","hentry","category-actualites","category-groupe-prieres","category-maison-de-marie-dardouane","category-tour-de-france","tag-ardouane","tag-marie-mere-des-hommes","tag-priere","tag-rencontres"],"_links":{"self":[{"href":"https:\/\/www.associationdemarie.org\/blog\/wp-json\/wp\/v2\/posts\/7736","targetHints":{"allow":["GET"]}}],"collection":[{"href":"https:\/\/www.associationdemarie.org\/blog\/wp-json\/wp\/v2\/posts"}],"about":[{"href":"https:\/\/www.associationdemarie.org\/blog\/wp-json\/wp\/v2\/types\/post"}],"author":[{"embeddable":true,"href":"https:\/\/www.associationdemarie.org\/blog\/wp-json\/wp\/v2\/users\/2"}],"replies":[{"embeddable":true,"href":"https:\/\/www.associationdemarie.org\/blog\/wp-json\/wp\/v2\/comments?post=7736"}],"version-history":[{"count":0,"href":"https:\/\/www.associationdemarie.org\/blog\/wp-json\/wp\/v2\/posts\/7736\/revisions"}],"wp:attachment":[{"href":"https:\/\/www.associationdemarie.org\/blog\/wp-json\/wp\/v2\/media?parent=7736"}],"wp:term":[{"taxonomy":"category","embeddable":true,"href":"https:\/\/www.associationdemarie.org\/blog\/wp-json\/wp\/v2\/categories?post=7736"},{"taxonomy":"post_tag","embeddable":true,"href":"https:\/\/www.associationdemarie.org\/blog\/wp-json\/wp\/v2\/tags?post=7736"}],"curies":[{"name":"wp","href":"https:\/\/api.w.org\/{rel}","templated":true}]}}