{"id":7700,"date":"2013-07-01T01:13:12","date_gmt":"2013-07-01T01:13:12","guid":{"rendered":"http:\/\/preprod.meltem-int.com\/marie\/blog\/?p=7700"},"modified":"2013-07-01T01:13:12","modified_gmt":"2013-07-01T01:13:12","slug":"precieux-sang-de-jesus","status":"publish","type":"post","link":"https:\/\/www.associationdemarie.org\/blog\/precieux-sang-de-jesus\/","title":{"rendered":"Pr\u00e9cieux sang de J\u00e9sus"},"content":{"rendered":"<p>Apr\u00e8s le mois du Sacr\u00e9-Coeur, le mois de Juillet est traditionnellement consacr\u00e9 au Pr\u00e9cieux Sang de Notre Seigneur J\u00e9sus-Christ. Par cette f\u00eate, l&rsquo;Eglise nous rappelle que c&rsquo;est exclusivement par Lui, et non par le sang des taureaux et des boucs, que nous avons \u00e9t\u00e9 rachet\u00e9s. A chaque\u00a0Saint-Sacrifice de la Messe, Notre-Seigneur J\u00e9sus-Christ ne cesse de r\u00e9pandre Son Pr\u00e9cieux Sang purificateur sur le monde, criant non vengeance, mais Mis\u00e9ricorde&#8230;<\/p>\n<p style=\"text-align: center;\"><a href=\"https:\/\/www.associationdemarie.org\/blog\/wp-content\/uploads\/2013\/06\/919.jpg\"><img loading=\"lazy\" decoding=\"async\" class=\"aligncenter  wp-image-7701\" alt=\"Pr\u00e9cieux sang\" src=\"https:\/\/www.associationdemarie.org\/blog\/wp-content\/uploads\/2013\/06\/919.jpg\" width=\"392\" height=\"209\" srcset=\"https:\/\/www.associationdemarie.org\/blog\/wp-content\/uploads\/2013\/06\/919.jpg 560w, https:\/\/www.associationdemarie.org\/blog\/wp-content\/uploads\/2013\/06\/919-300x159.jpg 300w\" sizes=\"auto, (max-width: 392px) 100vw, 392px\" \/><\/a><\/p>\n<div>Incomparable Victime pr\u00e9par\u00e9e par l&rsquo;\u00c9ternel, l&rsquo;Enfant-Dieu commence Sa Mission de R\u00e9dempteur\u00a0au jour de la Circoncision.\u00a0Ensuite, au Jardin des Oliviers, la terre est arros\u00e9e de la sueur de Son Sang adorable. Au pr\u00e9toire, ce ne sont plus des gouttes, mais des ruisseaux de Sang qui coulent de tout Son Corps, sous les coups redoubl\u00e9s de la flagellation. Sa Sainte Face et Sa T\u00eate ne sont pas \u00e9pargn\u00e9es, les \u00e9pines qui y sont enfonc\u00e9es l&rsquo;inondent et l&#8217;empourprent de Son Pr\u00e9cieux Sang. Dans les sentiers du Calvaire, tous les pas du R\u00e9dempteur sont marqu\u00e9s par des traces de Sang. Ce Pr\u00e9cieux Sang jaillit encore avec effusion au moment o\u00f9 les soldats Lui arrachent violemment Ses habits coll\u00e9s \u00e0 Ses Saintes Plaies. Lorsque Ses pieds et Ses mains sont perc\u00e9s par de gros clous qui fixent Son Saint Corps \u00e0 la Croix,\u00a0quatre fleuves de Sang f\u00e9condent la terre dess\u00e9ch\u00e9e et maudite par le p\u00e9ch\u00e9. Avec le coup de lance, une nouvelle plaie s&rsquo;ouvre encore et laisse sortir la derni\u00e8re goutte de Sang des veines de notre Tr\u00e8s Doux Sauveur.<\/div>\n<div><\/div>\n<div>Rachet\u00e9s \u00e0 un si haut prix, ne nous rendons donc plus esclaves des cr\u00e9atures. Nous portons sur nos fronts la Croix du Christ, nous sommes teints de Son Sang. N&rsquo;effa\u00e7ons pas les marques d&rsquo;une si glorieuse servitude. Puisqu&rsquo;Il a rachet\u00e9 notre vie si ch\u00e8rement, consacrons-la toute enti\u00e8re au service de ce Dieu d&rsquo;Amour et ne rompons pas un march\u00e9 qui nous est si avantageux. Lorsque le Pr\u00eatre offre ce Tr\u00e8s Pr\u00e9cieux Sang sur l&rsquo;Autel, entourons-le de nos plus respectueux hommages et adorations.<\/div>\n<div><\/div>\n<div><\/div>\n<div><\/div>\n<div><\/div>\n<div><\/div>\n","protected":false},"excerpt":{"rendered":"<p>Apr\u00e8s le mois du Sacr\u00e9-Coeur, le mois de Juillet est traditionnellement consacr\u00e9 au Pr\u00e9cieux Sang de Notre Seigneur J\u00e9sus-Christ. Par cette f\u00eate, l&rsquo;Eglise nous rappelle que c&rsquo;est exclusivement par Lui, et non par le sang des taureaux et des boucs, que nous avons \u00e9t\u00e9 rachet\u00e9s. A chaque\u00a0Saint-Sacrifice de la Messe, Notre-Seigneur J\u00e9sus-Christ ne cesse de [&hellip;]<\/p>\n","protected":false},"author":2,"featured_media":0,"comment_status":"closed","ping_status":"closed","sticky":false,"template":"","format":"standard","meta":{"footnotes":""},"categories":[3,13],"tags":[120,336,556,819,934],"class_list":["post-7700","post","type-post","status-publish","format-standard","hentry","category-liturgique","category-ecritures","tag-autel","tag-eglise","tag-juillet","tag-precieux-sang","tag-sainte-croix"],"_links":{"self":[{"href":"https:\/\/www.associationdemarie.org\/blog\/wp-json\/wp\/v2\/posts\/7700","targetHints":{"allow":["GET"]}}],"collection":[{"href":"https:\/\/www.associationdemarie.org\/blog\/wp-json\/wp\/v2\/posts"}],"about":[{"href":"https:\/\/www.associationdemarie.org\/blog\/wp-json\/wp\/v2\/types\/post"}],"author":[{"embeddable":true,"href":"https:\/\/www.associationdemarie.org\/blog\/wp-json\/wp\/v2\/users\/2"}],"replies":[{"embeddable":true,"href":"https:\/\/www.associationdemarie.org\/blog\/wp-json\/wp\/v2\/comments?post=7700"}],"version-history":[{"count":0,"href":"https:\/\/www.associationdemarie.org\/blog\/wp-json\/wp\/v2\/posts\/7700\/revisions"}],"wp:attachment":[{"href":"https:\/\/www.associationdemarie.org\/blog\/wp-json\/wp\/v2\/media?parent=7700"}],"wp:term":[{"taxonomy":"category","embeddable":true,"href":"https:\/\/www.associationdemarie.org\/blog\/wp-json\/wp\/v2\/categories?post=7700"},{"taxonomy":"post_tag","embeddable":true,"href":"https:\/\/www.associationdemarie.org\/blog\/wp-json\/wp\/v2\/tags?post=7700"}],"curies":[{"name":"wp","href":"https:\/\/api.w.org\/{rel}","templated":true}]}}