{"id":7678,"date":"2013-06-27T01:18:31","date_gmt":"2013-06-27T01:18:31","guid":{"rendered":"http:\/\/preprod.meltem-int.com\/marie\/blog\/?p=7678"},"modified":"2013-06-27T01:18:31","modified_gmt":"2013-06-27T01:18:31","slug":"notre-dame-du-perpetuel-secours","status":"publish","type":"post","link":"https:\/\/www.associationdemarie.org\/blog\/notre-dame-du-perpetuel-secours\/","title":{"rendered":"Notre-Dame du Perp\u00e9tuel Secours"},"content":{"rendered":"<p style=\"text-align: center;\"><a href=\"https:\/\/www.associationdemarie.org\/blog\/wp-content\/uploads\/2013\/06\/icon_Our_Lady_of_Perpetual_Help_15th.jpg\"><img loading=\"lazy\" decoding=\"async\" class=\"aligncenter  wp-image-7679\" title=\"icon_Our_Lady_of_Perpetual_Help_15th\" alt=\"\" src=\"https:\/\/www.associationdemarie.org\/blog\/wp-content\/uploads\/2013\/06\/icon_Our_Lady_of_Perpetual_Help_15th.jpg\" width=\"360\" height=\"449\" srcset=\"https:\/\/www.associationdemarie.org\/blog\/wp-content\/uploads\/2013\/06\/icon_Our_Lady_of_Perpetual_Help_15th.jpg 600w, https:\/\/www.associationdemarie.org\/blog\/wp-content\/uploads\/2013\/06\/icon_Our_Lady_of_Perpetual_Help_15th-240x300.jpg 240w\" sizes=\"auto, (max-width: 360px) 100vw, 360px\" \/><\/a><\/p>\n<p>De style byzantin, peinte sur bois et \u00e0 fond d&rsquo;or, l&rsquo;image de Notre-Dame du Perp\u00e9tuel Secours mesure environ 50 centim\u00e8tres de haut. La Vierge y appara\u00eet avec son divin Enfant\u00a0; sur leurs fronts brille une aur\u00e9ole d&rsquo;or. Deux anges, l&rsquo;un \u00e0 droite et l&rsquo;autre \u00e0 gauche, pr\u00e9sentent les instruments de la Passion \u00e0 l&rsquo;Enfant-J\u00e9sus effray\u00e9, tandis que la Sainte Vierge regarde la sc\u00e8ne path\u00e9tique avec une douleur calme et r\u00e9sign\u00e9e.<\/p>\n<p>Apr\u00e8s avoir \u00e9t\u00e9 longtemps v\u00e9n\u00e9r\u00e9e en Cr\u00e8te, des habitants de cette \u00eele qui fuyaient une invasion turque \u00e0 la fin du XIVe si\u00e8cle, apport\u00e8rent l&rsquo;image de Notre-Dame du Perp\u00e9tuel-Secours \u00e0 Rome. \u00c0 l&rsquo;invocation de Marie, sous le titre de Notre-Dame du Perp\u00e9tuel-Secours, le navire qui transportait Sa sainte image fut sauv\u00e9 d&rsquo;une terrible temp\u00eate. Le 27 mars 1499, apr\u00e8s avoir parcouru triomphalement les rues de la ville \u00e9ternelle, pr\u00e9c\u00e9d\u00e9 du clerg\u00e9 de Rome et suivi du peuple, le portrait de la Vierge du Perp\u00e9tuel-Secours fut plac\u00e9 au-dessus du ma\u00eetre-autel de l&rsquo;\u00e9glise St-Matthieu, pr\u00e8s de Ste-Marie-Majeure.<\/p>\n<p>Gr\u00e2ce aux soins des religieux augustins, la sainte image devint l&rsquo;objet d&rsquo;un culte tr\u00e8s populaire que Dieu r\u00e9compensa au cours de plusieurs si\u00e8cles, par de nombreux miracles. Pendant les troubles de la R\u00e9volution de 1789-1793, les troupes fran\u00e7aises qui occupaient Rome d\u00e9truisirent l&rsquo;\u00e9glise St-Matthieu. Un des religieux qui desservaient ce sanctuaire eut le temps de soustraire secr\u00e8tement la Madone miraculeuse. Il la cacha avec tant de soin, que pendant soixante ans, on se demanda ce qu&rsquo;\u00e9tait devenue la c\u00e9l\u00e8bre peinture. Dieu permit qu&rsquo;un concours de circonstances providentielles f\u00eet red\u00e9couvrir l&rsquo;image v\u00e9n\u00e9r\u00e9e.<\/p>\n<p>En 1865, afin de rendre la pieuse repr\u00e9sentation aux m\u00eames lieux o\u00f9 on l&rsquo;avait pri\u00e9e jadis, Pie IX ordonna de la rapporter sur l&rsquo;Esquilin, dans l&rsquo;\u00e9glise St-Alphonse-de-Liguori b\u00e2tie dans l&rsquo;enceinte o\u00f9 se trouvait autrefois l&rsquo;\u00e9glise St-Matthieu. Le 26 avril 1866, les R\u00e9demptoristes intronis\u00e8rent solennellement Notre-Dame du Perp\u00e9tuel-Secours en leur chapelle. Depuis ce temps, gr\u00e2ce au z\u00e8le des fils de saint Alphonse et aux innombrables miracles obtenus dans leur pieux sanctuaire, la d\u00e9votion \u00e0 Notre-Dame du Perp\u00e9tuel-Secours a pris un essor extraordinaire.<\/p>\n<p>Le 23 juin 1867, afin de reconna\u00eetre et de perp\u00e9tuer le souvenir de ces pr\u00e9cieuses faveurs, le v\u00e9n\u00e9rable Chapitre du Vatican couronna la sainte image avec grande pompe. En 1876, le pape Pie IX \u00e9rigea une Archiconfr\u00e9rie dans l&rsquo;\u00e9glise St-Alphonse, sous le vocable de Notre-Dame du Perp\u00e9tuel-Secours. Aujourd&rsquo;hui, la Sainte Vierge est invoqu\u00e9e sous ce vocable dans la plupart des \u00e9glises d&rsquo;Occident.<\/p>\n<p><span style=\"color: #ffffff;\">.<\/span><br \/>\nTir\u00e9e de l&rsquo;Abb\u00e9 L. Jaud, \u00e9dition 1950, p. 463-464 &#8212; F.E.C. Edition 1932, p. 483<\/p>\n<p>&nbsp;<\/p>\n<p>&nbsp;<\/p>\n<p>&nbsp;<\/p>\n<p>&nbsp;<\/p>\n<p>&nbsp;<\/p>\n<p>&nbsp;<\/p>\n","protected":false},"excerpt":{"rendered":"<p>De style byzantin, peinte sur bois et \u00e0 fond d&rsquo;or, l&rsquo;image de Notre-Dame du Perp\u00e9tuel Secours mesure environ 50 centim\u00e8tres de haut. La Vierge y appara\u00eet avec son divin Enfant\u00a0; sur leurs fronts brille une aur\u00e9ole d&rsquo;or. Deux anges, l&rsquo;un \u00e0 droite et l&rsquo;autre \u00e0 gauche, pr\u00e9sentent les instruments de la Passion \u00e0 l&rsquo;Enfant-J\u00e9sus effray\u00e9, [&hellip;]<\/p>\n","protected":false},"author":2,"featured_media":0,"comment_status":"closed","ping_status":"closed","sticky":false,"template":"","format":"standard","meta":{"footnotes":""},"categories":[3,4,13,26,28],"tags":[306,720,777,1188],"class_list":["post-7678","post","type-post","status-publish","format-standard","hentry","category-liturgique","category-iconographie","category-ecritures","category-priere-des-ames","category-saints-et-saintes","tag-divin-sauveur","tag-notre-dame-du-perpetuel-secours","tag-passion","tag-vierge"],"_links":{"self":[{"href":"https:\/\/www.associationdemarie.org\/blog\/wp-json\/wp\/v2\/posts\/7678","targetHints":{"allow":["GET"]}}],"collection":[{"href":"https:\/\/www.associationdemarie.org\/blog\/wp-json\/wp\/v2\/posts"}],"about":[{"href":"https:\/\/www.associationdemarie.org\/blog\/wp-json\/wp\/v2\/types\/post"}],"author":[{"embeddable":true,"href":"https:\/\/www.associationdemarie.org\/blog\/wp-json\/wp\/v2\/users\/2"}],"replies":[{"embeddable":true,"href":"https:\/\/www.associationdemarie.org\/blog\/wp-json\/wp\/v2\/comments?post=7678"}],"version-history":[{"count":0,"href":"https:\/\/www.associationdemarie.org\/blog\/wp-json\/wp\/v2\/posts\/7678\/revisions"}],"wp:attachment":[{"href":"https:\/\/www.associationdemarie.org\/blog\/wp-json\/wp\/v2\/media?parent=7678"}],"wp:term":[{"taxonomy":"category","embeddable":true,"href":"https:\/\/www.associationdemarie.org\/blog\/wp-json\/wp\/v2\/categories?post=7678"},{"taxonomy":"post_tag","embeddable":true,"href":"https:\/\/www.associationdemarie.org\/blog\/wp-json\/wp\/v2\/tags?post=7678"}],"curies":[{"name":"wp","href":"https:\/\/api.w.org\/{rel}","templated":true}]}}