{"id":7661,"date":"2013-06-23T01:34:18","date_gmt":"2013-06-23T01:34:18","guid":{"rendered":"http:\/\/preprod.meltem-int.com\/marie\/blog\/?p=7661"},"modified":"2013-06-23T01:34:18","modified_gmt":"2013-06-23T01:34:18","slug":"quil-prenne-sa-croix-chaque-jour-et-quil-me-suive","status":"publish","type":"post","link":"https:\/\/www.associationdemarie.org\/blog\/quil-prenne-sa-croix-chaque-jour-et-quil-me-suive\/","title":{"rendered":"\u00ab Qu&rsquo;il prenne sa croix chaque jour et qu&rsquo;il me suive. \u00bb"},"content":{"rendered":"<p><a href=\"https:\/\/www.associationdemarie.org\/blog\/wp-content\/uploads\/2013\/06\/croix_coeur.jpg\"><img loading=\"lazy\" decoding=\"async\" class=\"alignright  wp-image-7662\" title=\"croix_coeur\" src=\"https:\/\/www.associationdemarie.org\/blog\/wp-content\/uploads\/2013\/06\/croix_coeur.jpg\" alt=\"\" width=\"143\" height=\"211\" srcset=\"https:\/\/www.associationdemarie.org\/blog\/wp-content\/uploads\/2013\/06\/croix_coeur.jpg 340w, https:\/\/www.associationdemarie.org\/blog\/wp-content\/uploads\/2013\/06\/croix_coeur-203x300.jpg 203w\" sizes=\"auto, (max-width: 143px) 100vw, 143px\" \/><\/a>Le poids de la croix dont le Christ s&rsquo;est charg\u00e9 n&rsquo;est rien d&rsquo;autre que la d\u00e9ch\u00e9ance humaine, avec le cort\u00e8ge des p\u00e9ch\u00e9s et des souffrances dont est frapp\u00e9e l&rsquo;humanit\u00e9. Le sens du chemin de croix est de lib\u00e9rer le monde de ce fardeau&#8230; L&rsquo;union au Christ \u00e9tant notre bonheur, et la progression vers cette union notre b\u00e9n\u00e9diction sur cette terre, l&rsquo;amour de la croix n&rsquo;est nullement en contradiction avec la joie d&rsquo;\u00eatre enfant de Dieu. Aider \u00e0 porter la croix du Christ donne une joie pure et profonde. Ceux \u00e0 qui sont donn\u00e9es cette possibilit\u00e9 et cette force \u2014 les b\u00e2tisseurs du Royaume de Dieu \u2014 sont les plus authentiques enfants de Dieu. Une pr\u00e9dilection pour le chemin de croix ne signifie pas non plus un regret de voir le Vendredi Saint pass\u00e9 et accomplie l&rsquo;\u0153uvre de r\u00e9demption : seuls des \u00eatres sauv\u00e9s, des enfants de la gr\u00e2ce peuvent porter la croix du Christ. Seule son union au Chef divin conf\u00e8re \u00e0 la souffrance humaine une force p\u00e9nitentielle&#8230;<\/p>\n<p>Se tenir debout et avancer sur les sentiers rudes et boueux de cette terre tout en tr\u00f4nant avec le Christ \u00e0 la droite du P\u00e8re ; rire et pleurer avec les enfants du monde et chanter sans cesse les louanges du Seigneur avec le ch\u0153ur des anges, telle est la vie du chr\u00e9tien jusqu&rsquo;\u00e0 ce que se l\u00e8ve le matin de l&rsquo;\u00e9ternit\u00e9.<\/p>\n<p>Sainte Th\u00e9r\u00e8se-B\u00e9n\u00e9dicte de la Croix [\u00c9dith Stein] (1891-1942), carm\u00e9lite, martyre, copatronne de l&rsquo;Europe<br \/>\n<em>\u00ab L&rsquo;Amour de la croix \u00bb, m\u00e9ditation du 24\/11\/1934 (trad. La Cr\u00e8che et la croix, Ad Solem, 1995, p. 56 rev.)<\/em><\/p>\n<p>&nbsp;<\/p>\n<p>&nbsp;<\/p>\n<p>&nbsp;<\/p>\n","protected":false},"excerpt":{"rendered":"<p>Le poids de la croix dont le Christ s&rsquo;est charg\u00e9 n&rsquo;est rien d&rsquo;autre que la d\u00e9ch\u00e9ance humaine, avec le cort\u00e8ge des p\u00e9ch\u00e9s et des souffrances dont est frapp\u00e9e l&rsquo;humanit\u00e9. Le sens du chemin de croix est de lib\u00e9rer le monde de ce fardeau&#8230; L&rsquo;union au Christ \u00e9tant notre bonheur, et la progression vers cette union [&hellip;]<\/p>\n","protected":false},"author":2,"featured_media":0,"comment_status":"closed","ping_status":"closed","sticky":false,"template":"","format":"standard","meta":{"footnotes":""},"categories":[3,13,28],"tags":[536,777,934,1108],"class_list":["post-7661","post","type-post","status-publish","format-standard","hentry","category-liturgique","category-ecritures","category-saints-et-saintes","tag-jesus-christ","tag-passion","tag-sainte-croix","tag-ste-therese-benedicte-de-la-croix"],"_links":{"self":[{"href":"https:\/\/www.associationdemarie.org\/blog\/wp-json\/wp\/v2\/posts\/7661","targetHints":{"allow":["GET"]}}],"collection":[{"href":"https:\/\/www.associationdemarie.org\/blog\/wp-json\/wp\/v2\/posts"}],"about":[{"href":"https:\/\/www.associationdemarie.org\/blog\/wp-json\/wp\/v2\/types\/post"}],"author":[{"embeddable":true,"href":"https:\/\/www.associationdemarie.org\/blog\/wp-json\/wp\/v2\/users\/2"}],"replies":[{"embeddable":true,"href":"https:\/\/www.associationdemarie.org\/blog\/wp-json\/wp\/v2\/comments?post=7661"}],"version-history":[{"count":0,"href":"https:\/\/www.associationdemarie.org\/blog\/wp-json\/wp\/v2\/posts\/7661\/revisions"}],"wp:attachment":[{"href":"https:\/\/www.associationdemarie.org\/blog\/wp-json\/wp\/v2\/media?parent=7661"}],"wp:term":[{"taxonomy":"category","embeddable":true,"href":"https:\/\/www.associationdemarie.org\/blog\/wp-json\/wp\/v2\/categories?post=7661"},{"taxonomy":"post_tag","embeddable":true,"href":"https:\/\/www.associationdemarie.org\/blog\/wp-json\/wp\/v2\/tags?post=7661"}],"curies":[{"name":"wp","href":"https:\/\/api.w.org\/{rel}","templated":true}]}}