{"id":7556,"date":"2013-06-06T01:30:37","date_gmt":"2013-06-06T01:30:37","guid":{"rendered":"http:\/\/preprod.meltem-int.com\/marie\/blog\/?p=7556"},"modified":"2013-06-06T01:30:37","modified_gmt":"2013-06-06T01:30:37","slug":"lamour-de-dieu-et-des-hommes","status":"publish","type":"post","link":"https:\/\/www.associationdemarie.org\/blog\/lamour-de-dieu-et-des-hommes\/","title":{"rendered":"L&rsquo;amour de Dieu et des hommes"},"content":{"rendered":"<p style=\"text-align: center;\"><a href=\"https:\/\/www.associationdemarie.org\/blog\/wp-content\/uploads\/2010\/03\/PIO-2.jpg\"><img loading=\"lazy\" decoding=\"async\" class=\"aligncenter  wp-image-872\" title=\"PIO 2\" src=\"https:\/\/www.associationdemarie.org\/blog\/wp-content\/uploads\/2010\/03\/PIO-2.jpg\" alt=\"\" width=\"354\" height=\"437\" srcset=\"https:\/\/www.associationdemarie.org\/blog\/wp-content\/uploads\/2010\/03\/PIO-2.jpg 590w, https:\/\/www.associationdemarie.org\/blog\/wp-content\/uploads\/2010\/03\/PIO-2-242x300.jpg 242w\" sizes=\"auto, (max-width: 354px) 100vw, 354px\" \/><\/a><\/p>\n<p>Je suis consum\u00e9 par une double flamme\u00a0: l&rsquo;amour de Dieu et des hommes. C&rsquo;est comme un volcan au-dedans de moi, toujours en \u00e9ruption, que J\u00e9sus a mis dans mon c\u0153ur, pourtant si petit&#8230;<\/p>\n<p>Mon Dieu, sois toujours plus pr\u00e9sent \u00e0 mon pauvre c\u0153ur et ach\u00e8ve en moi l&rsquo;\u0153uvre que tu as commenc\u00e9e. J&rsquo;entends au plus intime de moi-m\u00eame cette voix qui me r\u00e9p\u00e8te\u00a0: \u00ab\u00a0Sanctifie-toi et sanctifie les autres\u00a0!\u00a0\u00bb<\/p>\n<p>C&rsquo;est bien ce que je veux, ch\u00e8re enfant \u00e0 qui j&rsquo;\u00e9cris tout cela, mais je ne sais pas par o\u00f9 commencer. Aide-moi. Je sais que J\u00e9sus t&rsquo;aime bien et tu le m\u00e9rites. Parle-lui donc pour moi\u00a0: je lui demande la gr\u00e2ce d&rsquo;\u00eatre un fils de saint Fran\u00e7ois moins indigne, qui puisse servir d&rsquo;exemple \u00e0 mes confr\u00e8res de sorte qu&rsquo;ils gardent leur ferveur et qu&rsquo;elle augmente en moi, jusqu&rsquo;\u00e0 faire de moi un parfait capucin.<\/p>\n<p>Saint [Padre] Pio de Pietrelcina (1887-1968), capucin<br \/>\n<em>Ep 3, 1246, 1010 (trad. Une pens\u00e9e, Mediaspaul, p. 54)<\/em><\/p>\n<p>&nbsp;<\/p>\n<p>&nbsp;<\/p>\n<p>&nbsp;<\/p>\n","protected":false},"excerpt":{"rendered":"<p>Je suis consum\u00e9 par une double flamme\u00a0: l&rsquo;amour de Dieu et des hommes. C&rsquo;est comme un volcan au-dedans de moi, toujours en \u00e9ruption, que J\u00e9sus a mis dans mon c\u0153ur, pourtant si petit&#8230; Mon Dieu, sois toujours plus pr\u00e9sent \u00e0 mon pauvre c\u0153ur et ach\u00e8ve en moi l&rsquo;\u0153uvre que tu as commenc\u00e9e. J&rsquo;entends au plus [&hellip;]<\/p>\n","protected":false},"author":2,"featured_media":0,"comment_status":"closed","ping_status":"closed","sticky":false,"template":"","format":"standard","meta":{"footnotes":""},"categories":[3,13,28],"tags":[62,243,535,1030,1067],"class_list":["post-7556","post","type-post","status-publish","format-standard","hentry","category-liturgique","category-ecritures","category-saints-et-saintes","tag-amour","tag-commandements","tag-jesus","tag-st-francois-dassise","tag-st-padre-pio"],"_links":{"self":[{"href":"https:\/\/www.associationdemarie.org\/blog\/wp-json\/wp\/v2\/posts\/7556","targetHints":{"allow":["GET"]}}],"collection":[{"href":"https:\/\/www.associationdemarie.org\/blog\/wp-json\/wp\/v2\/posts"}],"about":[{"href":"https:\/\/www.associationdemarie.org\/blog\/wp-json\/wp\/v2\/types\/post"}],"author":[{"embeddable":true,"href":"https:\/\/www.associationdemarie.org\/blog\/wp-json\/wp\/v2\/users\/2"}],"replies":[{"embeddable":true,"href":"https:\/\/www.associationdemarie.org\/blog\/wp-json\/wp\/v2\/comments?post=7556"}],"version-history":[{"count":0,"href":"https:\/\/www.associationdemarie.org\/blog\/wp-json\/wp\/v2\/posts\/7556\/revisions"}],"wp:attachment":[{"href":"https:\/\/www.associationdemarie.org\/blog\/wp-json\/wp\/v2\/media?parent=7556"}],"wp:term":[{"taxonomy":"category","embeddable":true,"href":"https:\/\/www.associationdemarie.org\/blog\/wp-json\/wp\/v2\/categories?post=7556"},{"taxonomy":"post_tag","embeddable":true,"href":"https:\/\/www.associationdemarie.org\/blog\/wp-json\/wp\/v2\/tags?post=7556"}],"curies":[{"name":"wp","href":"https:\/\/api.w.org\/{rel}","templated":true}]}}