{"id":7521,"date":"2013-06-01T04:20:56","date_gmt":"2013-06-01T04:20:56","guid":{"rendered":"http:\/\/preprod.meltem-int.com\/marie\/blog\/?p=7521"},"modified":"2013-06-01T04:20:56","modified_gmt":"2013-06-01T04:20:56","slug":"pardon","status":"publish","type":"post","link":"https:\/\/www.associationdemarie.org\/blog\/pardon\/","title":{"rendered":"Pardon"},"content":{"rendered":"<div><strong><a href=\"https:\/\/www.associationdemarie.org\/blog\/wp-content\/uploads\/2013\/05\/esprit_saint.jpg\"><img loading=\"lazy\" decoding=\"async\" class=\"alignleft  wp-image-7522\" title=\"esprit_saint\" src=\"https:\/\/www.associationdemarie.org\/blog\/wp-content\/uploads\/2013\/05\/esprit_saint-300x249.jpg\" alt=\"\" width=\"210\" height=\"174\" srcset=\"https:\/\/www.associationdemarie.org\/blog\/wp-content\/uploads\/2013\/05\/esprit_saint-300x249.jpg 300w, https:\/\/www.associationdemarie.org\/blog\/wp-content\/uploads\/2013\/05\/esprit_saint.jpg 301w\" sizes=\"auto, (max-width: 210px) 100vw, 210px\" \/><\/a>Si l&rsquo;Esprit Saint reste souvent discret, s&rsquo;effa\u00e7ant lui- m\u00eame, c&rsquo;est qu&rsquo;il ne veut pas prendre notre place, mais plut\u00f4t fortifier notre personne. Au fond de notre \u00eatre, il dit inlassablement le oui de Dieu \u00e0 notre existence. Alors il est une pri\u00e8re accessible \u00e0 chacun. \u00ab\u00a0Que ton souffle de bont\u00e9 me conduise!\u00a0\u00bb Port\u00e9s par ce souffle, nous pouvons avancer.<\/strong><\/div>\n<div><strong>Commen\u00e7ons par approfondir le myst\u00e8re de la communion qui nous unit. Quand nous nous tournons ensemble vers le Christ, dans une pri\u00e8re commune, l&rsquo;Esprit Saint nous rassemble dans cette unique communion qu&rsquo;est l&rsquo;Eglise et nous donne de na\u00eetre \u00e0 une vie nouvelle.<\/strong><\/div>\n<div><strong>Le premier don de l&rsquo;Esprit Saint est le pardon. Le Christ ressuscit\u00e9 a dit aux siens : \u00ab\u00a0Recevez l&rsquo;Esprit Saint. Ceux \u00e0 qui vous remettrez les p\u00e9ch\u00e9s, ils leur seront remis\u00a0\u00bb ( Jn 20,22-23 ). L&rsquo;Eglise est d&rsquo;abord une communion de pardon. Quand nous comprenons que Dieu nous donne son pardon, nous devons capables de le donner aussi \u00e0 d&rsquo;autres. Bien s\u00fbr, nos communaut\u00e9s , nos paroisses sont toujours pauvres et loin de ce dont nous r\u00eavons. Mais l&rsquo;Esprit Saint est continuellement pr\u00e9sent dans l&rsquo;Eglise et nous fait avancer sur le chemin du pardon.<\/strong><\/div>\n<div><strong><br \/>\n<\/strong><\/div>\n<div><strong>Fr\u00e8re Alo\u00efs, prieur de Taiz\u00e9-\u00a0<em>La Croix\u00a0<\/em><\/strong><\/div>\n<div><\/div>\n<div><\/div>\n<div><span style=\"color: #ffffff;\">.<\/span><\/div>\n","protected":false},"excerpt":{"rendered":"<p>Si l&rsquo;Esprit Saint reste souvent discret, s&rsquo;effa\u00e7ant lui- m\u00eame, c&rsquo;est qu&rsquo;il ne veut pas prendre notre place, mais plut\u00f4t fortifier notre personne. Au fond de notre \u00eatre, il dit inlassablement le oui de Dieu \u00e0 notre existence. Alors il est une pri\u00e8re accessible \u00e0 chacun. \u00ab\u00a0Que ton souffle de bont\u00e9 me conduise!\u00a0\u00bb Port\u00e9s par ce [&hellip;]<\/p>\n","protected":false},"author":2,"featured_media":0,"comment_status":"closed","ping_status":"closed","sticky":false,"template":"","format":"standard","meta":{"footnotes":""},"categories":[3,27,28],"tags":[314,767,1388,927],"class_list":["post-7521","post","type-post","status-publish","format-standard","hentry","category-liturgique","category-prieres","category-saints-et-saintes","tag-dons-de-lesprit","tag-pardon","tag-prieres","tag-saint-esprit"],"_links":{"self":[{"href":"https:\/\/www.associationdemarie.org\/blog\/wp-json\/wp\/v2\/posts\/7521","targetHints":{"allow":["GET"]}}],"collection":[{"href":"https:\/\/www.associationdemarie.org\/blog\/wp-json\/wp\/v2\/posts"}],"about":[{"href":"https:\/\/www.associationdemarie.org\/blog\/wp-json\/wp\/v2\/types\/post"}],"author":[{"embeddable":true,"href":"https:\/\/www.associationdemarie.org\/blog\/wp-json\/wp\/v2\/users\/2"}],"replies":[{"embeddable":true,"href":"https:\/\/www.associationdemarie.org\/blog\/wp-json\/wp\/v2\/comments?post=7521"}],"version-history":[{"count":0,"href":"https:\/\/www.associationdemarie.org\/blog\/wp-json\/wp\/v2\/posts\/7521\/revisions"}],"wp:attachment":[{"href":"https:\/\/www.associationdemarie.org\/blog\/wp-json\/wp\/v2\/media?parent=7521"}],"wp:term":[{"taxonomy":"category","embeddable":true,"href":"https:\/\/www.associationdemarie.org\/blog\/wp-json\/wp\/v2\/categories?post=7521"},{"taxonomy":"post_tag","embeddable":true,"href":"https:\/\/www.associationdemarie.org\/blog\/wp-json\/wp\/v2\/tags?post=7521"}],"curies":[{"name":"wp","href":"https:\/\/api.w.org\/{rel}","templated":true}]}}