{"id":7457,"date":"2013-05-20T01:25:26","date_gmt":"2013-05-20T01:25:26","guid":{"rendered":"http:\/\/preprod.meltem-int.com\/marie\/blog\/?p=7457"},"modified":"2013-05-20T01:25:26","modified_gmt":"2013-05-20T01:25:26","slug":"je-crois-viens-au-secours-de-mon-incroyance","status":"publish","type":"post","link":"https:\/\/www.associationdemarie.org\/blog\/je-crois-viens-au-secours-de-mon-incroyance\/","title":{"rendered":"\u00ab Je crois ! Viens au secours de mon incroyance. \u00bb"},"content":{"rendered":"<p style=\"text-align: center;\"><a href=\"https:\/\/www.associationdemarie.org\/blog\/wp-content\/uploads\/2013\/05\/ciel.jpg\"><img loading=\"lazy\" decoding=\"async\" class=\"aligncenter  wp-image-7458\" title=\"ciel\" src=\"https:\/\/www.associationdemarie.org\/blog\/wp-content\/uploads\/2013\/05\/ciel.jpg\" alt=\"\" width=\"512\" height=\"112\" srcset=\"https:\/\/www.associationdemarie.org\/blog\/wp-content\/uploads\/2013\/05\/ciel.jpg 640w, https:\/\/www.associationdemarie.org\/blog\/wp-content\/uploads\/2013\/05\/ciel-300x65.jpg 300w\" sizes=\"auto, (max-width: 512px) 100vw, 512px\" \/><\/a><\/p>\n<p>La vertu que notre Seigneur r\u00e9compense, la vertu qu&rsquo;il loue, c&rsquo;est presque toujours la foi. Quelquefois, il loue l&rsquo;amour, comme dans Magdeleine (Lc 7,47) ; quelquefois l&rsquo;humilit\u00e9, mais ces exemples sont rares ; c&rsquo;est presque toujours la foi qui re\u00e7oit de lui r\u00e9compense et louanges. Pourquoi ? Sans doute parce que la foi est la vertu, sinon la plus haute (la charit\u00e9 passe avant), du moins la plus importante, car elle est le fondement de toutes les autres, y compris la charit\u00e9, et aussi parce qu&rsquo;elle est la plus rare.<\/p>\n<p>Avoir vraiment la foi, la foi qui inspire toutes les actions, cette foi au surnaturel qui d\u00e9pouille le monde de son masque et montre Dieu en toutes choses ; qui fait dispara\u00eetre toute impossibilit\u00e9 ; qui fait que ces mots d&rsquo;inqui\u00e9tude, de p\u00e9ril, de crainte, n&rsquo;ont plus de sens ; qui fait marcher dans la vie avec un calme, une paix, une joie profonde, comme un enfant \u00e0 la main de sa m\u00e8re ; qui \u00e9tablit l&rsquo;\u00e2me dans un d\u00e9tachement si absolu de toutes les choses sensibles dont elle voit clairement le n\u00e9ant et la pu\u00e9rilit\u00e9 ; qui donne une telle confiance dans la pri\u00e8re, la confiance de l&rsquo;enfant demandant une chose juste \u00e0 son p\u00e8re ; cette foi qui nous montre que, \u00ab hors faire ce qui est agr\u00e9able \u00e0 Dieu, tout est mensonge \u00bb ; cette foi qui fait voir tout sous un autre jour \u2014 les hommes comme des images de Dieu, qu&rsquo;il faut aimer et v\u00e9n\u00e9rer comme les portraits de notre Bien-Aim\u00e9 et \u00e0 qui il faut faire tout le bien possible ; les autres cr\u00e9atures comme des choses qui doivent, sans exception, nous aider \u00e0 gagner le ciel, en louant Dieu \u00e0 leur sujet, en nous en servant ou en nous en privant \u2014 cette foi qui, faisant entrevoir la grandeur de Dieu, nous fait voir notre petitesse ; qui fait entreprendre sans h\u00e9siter, sans rougir, sans craindre, sans reculer jamais, tout ce qui est agr\u00e9able \u00e0 Dieu : oh, que cette foi est rare ! Mon Dieu, donnez-la-moi ! Mon Dieu, je crois, mais augmentez ma foi ! Mon Dieu, faites que je croie et que j&rsquo;aime.<\/p>\n<p>Bienheureux Charles de Foucauld (1858-1916), ermite et missionnaire au Sahara<br \/>\n<em>M\u00e9ditations sur les \u00e9vangiles (Gigord 1957, p. 38)<\/em><\/p>\n<p>&nbsp;<\/p>\n<p>&nbsp;<\/p>\n<p>&nbsp;<\/p>\n","protected":false},"excerpt":{"rendered":"<p>La vertu que notre Seigneur r\u00e9compense, la vertu qu&rsquo;il loue, c&rsquo;est presque toujours la foi. Quelquefois, il loue l&rsquo;amour, comme dans Magdeleine (Lc 7,47) ; quelquefois l&rsquo;humilit\u00e9, mais ces exemples sont rares ; c&rsquo;est presque toujours la foi qui re\u00e7oit de lui r\u00e9compense et louanges. Pourquoi ? Sans doute parce que la foi est la [&hellip;]<\/p>\n","protected":false},"author":2,"featured_media":0,"comment_status":"closed","ping_status":"closed","sticky":false,"template":"","format":"standard","meta":{"footnotes":""},"categories":[3,13,26,28],"tags":[74,154,272,1382,425,1101],"class_list":["post-7457","post","type-post","status-publish","format-standard","hentry","category-liturgique","category-ecritures","category-priere-des-ames","category-saints-et-saintes","tag-annee-de-la-foi","tag-bienheureux-charles-de-foucauld","tag-croire","tag-ecritures","tag-foi","tag-ste-marie-madeleine"],"_links":{"self":[{"href":"https:\/\/www.associationdemarie.org\/blog\/wp-json\/wp\/v2\/posts\/7457","targetHints":{"allow":["GET"]}}],"collection":[{"href":"https:\/\/www.associationdemarie.org\/blog\/wp-json\/wp\/v2\/posts"}],"about":[{"href":"https:\/\/www.associationdemarie.org\/blog\/wp-json\/wp\/v2\/types\/post"}],"author":[{"embeddable":true,"href":"https:\/\/www.associationdemarie.org\/blog\/wp-json\/wp\/v2\/users\/2"}],"replies":[{"embeddable":true,"href":"https:\/\/www.associationdemarie.org\/blog\/wp-json\/wp\/v2\/comments?post=7457"}],"version-history":[{"count":0,"href":"https:\/\/www.associationdemarie.org\/blog\/wp-json\/wp\/v2\/posts\/7457\/revisions"}],"wp:attachment":[{"href":"https:\/\/www.associationdemarie.org\/blog\/wp-json\/wp\/v2\/media?parent=7457"}],"wp:term":[{"taxonomy":"category","embeddable":true,"href":"https:\/\/www.associationdemarie.org\/blog\/wp-json\/wp\/v2\/categories?post=7457"},{"taxonomy":"post_tag","embeddable":true,"href":"https:\/\/www.associationdemarie.org\/blog\/wp-json\/wp\/v2\/tags?post=7457"}],"curies":[{"name":"wp","href":"https:\/\/api.w.org\/{rel}","templated":true}]}}