{"id":7428,"date":"2013-05-15T01:27:03","date_gmt":"2013-05-15T01:27:03","guid":{"rendered":"http:\/\/preprod.meltem-int.com\/marie\/blog\/?p=7428"},"modified":"2013-05-15T01:27:03","modified_gmt":"2013-05-15T01:27:03","slug":"je-ne-te-prie-pas-de-les-retirer-du-monde-mais-de-les-garder-du-mauvais","status":"publish","type":"post","link":"https:\/\/www.associationdemarie.org\/blog\/je-ne-te-prie-pas-de-les-retirer-du-monde-mais-de-les-garder-du-mauvais\/","title":{"rendered":"\u00ab Je ne te prie pas de les retirer du monde, mais de les garder du Mauvais. \u00bb"},"content":{"rendered":"<p style=\"text-align: center;\"><a href=\"https:\/\/www.associationdemarie.org\/blog\/wp-content\/uploads\/2013\/04\/ictus.jpg\"><img loading=\"lazy\" decoding=\"async\" class=\"aligncenter  wp-image-7429\" title=\"ictus\" src=\"https:\/\/www.associationdemarie.org\/blog\/wp-content\/uploads\/2013\/04\/ictus.jpg\" alt=\"\" width=\"400\" height=\"300\" srcset=\"https:\/\/www.associationdemarie.org\/blog\/wp-content\/uploads\/2013\/04\/ictus.jpg 500w, https:\/\/www.associationdemarie.org\/blog\/wp-content\/uploads\/2013\/04\/ictus-300x225.jpg 300w\" sizes=\"auto, (max-width: 400px) 100vw, 400px\" \/><\/a><\/p>\n<p style=\"text-align: justify;\">Les chr\u00e9tiens ne se distinguent pas des autres hommes par leur pays, ni par leur langue, ni par l&rsquo;habillement. Car ils n&rsquo;habitent pas de villes qui leur soient propres, ils n&#8217;emploient pas un dialecte sp\u00e9cial, et leur genre de vie n&rsquo;a rien de singulier. Leur doctrine n&rsquo;est pas sortie de l&rsquo;imagination fantaisiste d&rsquo;esprits excit\u00e9s ; ils ne se font pas, comme tant d&rsquo;autres, les champions d&rsquo;une doctrine humaine quelconque.<\/p>\n<p style=\"text-align: justify;\">Ils habitent donc, selon les circonstances, des villes grecques ou barbares ; ils se conforment aux usages locaux pour ce qui est des v\u00eatements, de la nourriture, des coutumes. Et cependant, ils t\u00e9moignent clairement d&rsquo;une mani\u00e8re de vivre qui sort de l&rsquo;ordinaire. Ils r\u00e9sident chacun dans sa propre patrie, mais ils y sont comme des gens de passage. Ils\u00a0s&rsquo;acquittent de tous leurs devoirs de citoyens, mais ils supportent tout comme des \u00e9trangers. Toute terre \u00e9trang\u00e8re leur est une patrie, et toute patrie une terre \u00e9trang\u00e8re&#8230; Ils vivent dans la chair, mais pas selon la chair (cf 2Co 10,3; Rm 8,12-13). Ils passent leur vie sur la terre, mais leur cit\u00e9 est dans les cieux (Ph 3,20; He 11,16; 13,14). Ils ob\u00e9issent aux lois \u00e9tablies, mais leur fa\u00e7on de vivre va bien au-del\u00e0 de la loi.<\/p>\n<p>Ils aiment tous les hommes, et pourtant tous les pers\u00e9cutent. Ils sont m\u00e9connus, condamn\u00e9s, tu\u00e9s ; et c&rsquo;est ainsi qu&rsquo;ils viennent \u00e0 la vraie vie. Pauvres, ils enrichissent un grand nombre ; manquant de tout, ils surabondent en toutes choses. On les m\u00e9prise et dans ce m\u00e9pris ils trouvent leur gloire ; on les calomnie et ils y trouvent leur justification. Insult\u00e9s, ils b\u00e9nissent ; outrag\u00e9s, ils honorent les autres&#8230; Pour tout dire : ce que l&rsquo;\u00e2me est dans le corps, voil\u00e0 ce que les chr\u00e9tiens sont dans le monde.<\/p>\n<p>La Lettre \u00e0 Diogn\u00e8te (v. 200)<br \/>\n<em>\u00a7 5-6 ; PG 2, 1174 (trad. Orval, br\u00e9viaire 5e merc. P\u00e2ques et SC 33 bis, p. 63)<\/em><\/p>\n<p>&nbsp;<\/p>\n<p>&nbsp;<\/p>\n<p>&nbsp;<\/p>\n","protected":false},"excerpt":{"rendered":"<p>Les chr\u00e9tiens ne se distinguent pas des autres hommes par leur pays, ni par leur langue, ni par l&rsquo;habillement. Car ils n&rsquo;habitent pas de villes qui leur soient propres, ils n&#8217;emploient pas un dialecte sp\u00e9cial, et leur genre de vie n&rsquo;a rien de singulier. Leur doctrine n&rsquo;est pas sortie de l&rsquo;imagination fantaisiste d&rsquo;esprits excit\u00e9s ; [&hellip;]<\/p>\n","protected":false},"author":2,"featured_media":0,"comment_status":"closed","ping_status":"closed","sticky":false,"template":"","format":"standard","meta":{"footnotes":""},"categories":[3,13,28],"tags":[60,218,301,305,1382,387],"class_list":["post-7428","post","type-post","status-publish","format-standard","hentry","category-liturgique","category-ecritures","category-saints-et-saintes","tag-ames","tag-chretiens","tag-diognete","tag-disciples","tag-ecritures","tag-evangelisation"],"_links":{"self":[{"href":"https:\/\/www.associationdemarie.org\/blog\/wp-json\/wp\/v2\/posts\/7428","targetHints":{"allow":["GET"]}}],"collection":[{"href":"https:\/\/www.associationdemarie.org\/blog\/wp-json\/wp\/v2\/posts"}],"about":[{"href":"https:\/\/www.associationdemarie.org\/blog\/wp-json\/wp\/v2\/types\/post"}],"author":[{"embeddable":true,"href":"https:\/\/www.associationdemarie.org\/blog\/wp-json\/wp\/v2\/users\/2"}],"replies":[{"embeddable":true,"href":"https:\/\/www.associationdemarie.org\/blog\/wp-json\/wp\/v2\/comments?post=7428"}],"version-history":[{"count":0,"href":"https:\/\/www.associationdemarie.org\/blog\/wp-json\/wp\/v2\/posts\/7428\/revisions"}],"wp:attachment":[{"href":"https:\/\/www.associationdemarie.org\/blog\/wp-json\/wp\/v2\/media?parent=7428"}],"wp:term":[{"taxonomy":"category","embeddable":true,"href":"https:\/\/www.associationdemarie.org\/blog\/wp-json\/wp\/v2\/categories?post=7428"},{"taxonomy":"post_tag","embeddable":true,"href":"https:\/\/www.associationdemarie.org\/blog\/wp-json\/wp\/v2\/tags?post=7428"}],"curies":[{"name":"wp","href":"https:\/\/api.w.org\/{rel}","templated":true}]}}