{"id":7416,"date":"2013-05-12T01:40:53","date_gmt":"2013-05-12T01:40:53","guid":{"rendered":"http:\/\/preprod.meltem-int.com\/marie\/blog\/?p=7416"},"modified":"2013-05-12T01:40:53","modified_gmt":"2013-05-12T01:40:53","slug":"que-leur-unite-soit-parfaite","status":"publish","type":"post","link":"https:\/\/www.associationdemarie.org\/blog\/que-leur-unite-soit-parfaite\/","title":{"rendered":"Que leur unit\u00e9 soit parfaite"},"content":{"rendered":"<p><strong>\u00c9vangile de J\u00e9sus Christ selon saint Jean\u00a0<span dir=\"ltr\">17,20-26.<\/span>\u00a0<\/strong><\/p>\n<p><strong><\/strong><br \/>\n\u00c0 l&rsquo;heure o\u00f9 J\u00e9sus passait de ce monde \u00e0 son P\u00e8re, les yeux lev\u00e9s au ciel, il priait ainsi\u00a0: \u00ab\u00a0Je ne prie pas seulement pour ceux qui sont l\u00e0, mais encore pour ceux qui accueilleront leur parole et croiront en moi.<br \/>\nQue tous, ils soient un, comme toi, P\u00e8re, tu es en moi, et moi en toi. Qu&rsquo;ils soient un en nous, eux aussi, pour que le monde croie que tu m&rsquo;as envoy\u00e9.<br \/>\nEt moi, je leur ai donn\u00e9 la gloire que tu m&rsquo;as donn\u00e9e, pour qu&rsquo;ils soient un comme nous sommes un\u00a0:<br \/>\nmoi en eux, et toi en moi. Que leur unit\u00e9 soit parfaite\u00a0; ainsi, le monde saura que tu m&rsquo;as envoy\u00e9, et que tu les as aim\u00e9s comme tu m&rsquo;as aim\u00e9.<br \/>\nP\u00e8re, ceux que tu m&rsquo;as donn\u00e9s, je veux que l\u00e0 o\u00f9 je suis, eux aussi soient avec moi, et qu&rsquo;ils contemplent ma gloire, celle que tu m&rsquo;as donn\u00e9e parce que tu m&rsquo;as aim\u00e9 avant m\u00eame la cr\u00e9ation du monde.<br \/>\nP\u00e8re juste, le monde ne t&rsquo;a pas connu, mais moi je t&rsquo;ai connu, et ils ont reconnu, eux aussi, que tu m&rsquo;as envoy\u00e9.<br \/>\nJe leur ai fait conna\u00eetre ton nom, et je le ferai conna\u00eetre encore, pour qu&rsquo;ils aient en eux l&rsquo;amour dont tu m&rsquo;as aim\u00e9, et que moi aussi, je sois en eux.\u00a0\u00bb<\/p>\n<p><a href=\"https:\/\/www.associationdemarie.org\/blog\/wp-content\/uploads\/2013\/04\/Unite.jpg\"><img loading=\"lazy\" decoding=\"async\" class=\"aligncenter size-full wp-image-7417\" title=\"Unite\" src=\"https:\/\/www.associationdemarie.org\/blog\/wp-content\/uploads\/2013\/04\/Unite.jpg\" alt=\"\" width=\"458\" height=\"212\" srcset=\"https:\/\/www.associationdemarie.org\/blog\/wp-content\/uploads\/2013\/04\/Unite.jpg 458w, https:\/\/www.associationdemarie.org\/blog\/wp-content\/uploads\/2013\/04\/Unite-300x138.jpg 300w\" sizes=\"auto, (max-width: 458px) 100vw, 458px\" \/><\/a><\/p>\n","protected":false},"excerpt":{"rendered":"<p>\u00c9vangile de J\u00e9sus Christ selon saint Jean\u00a017,20-26.\u00a0 \u00c0 l&rsquo;heure o\u00f9 J\u00e9sus passait de ce monde \u00e0 son P\u00e8re, les yeux lev\u00e9s au ciel, il priait ainsi\u00a0: \u00ab\u00a0Je ne prie pas seulement pour ceux qui sont l\u00e0, mais encore pour ceux qui accueilleront leur parole et croiront en moi. Que tous, ils soient un, comme toi, [&hellip;]<\/p>\n","protected":false},"author":2,"featured_media":0,"comment_status":"closed","ping_status":"closed","sticky":false,"template":"","format":"standard","meta":{"footnotes":""},"categories":[3,13],"tags":[305,1382,1041,1166,1168],"class_list":["post-7416","post","type-post","status-publish","format-standard","hentry","category-liturgique","category-ecritures","tag-disciples","tag-ecritures","tag-st-jean","tag-union","tag-unite"],"_links":{"self":[{"href":"https:\/\/www.associationdemarie.org\/blog\/wp-json\/wp\/v2\/posts\/7416","targetHints":{"allow":["GET"]}}],"collection":[{"href":"https:\/\/www.associationdemarie.org\/blog\/wp-json\/wp\/v2\/posts"}],"about":[{"href":"https:\/\/www.associationdemarie.org\/blog\/wp-json\/wp\/v2\/types\/post"}],"author":[{"embeddable":true,"href":"https:\/\/www.associationdemarie.org\/blog\/wp-json\/wp\/v2\/users\/2"}],"replies":[{"embeddable":true,"href":"https:\/\/www.associationdemarie.org\/blog\/wp-json\/wp\/v2\/comments?post=7416"}],"version-history":[{"count":0,"href":"https:\/\/www.associationdemarie.org\/blog\/wp-json\/wp\/v2\/posts\/7416\/revisions"}],"wp:attachment":[{"href":"https:\/\/www.associationdemarie.org\/blog\/wp-json\/wp\/v2\/media?parent=7416"}],"wp:term":[{"taxonomy":"category","embeddable":true,"href":"https:\/\/www.associationdemarie.org\/blog\/wp-json\/wp\/v2\/categories?post=7416"},{"taxonomy":"post_tag","embeddable":true,"href":"https:\/\/www.associationdemarie.org\/blog\/wp-json\/wp\/v2\/tags?post=7416"}],"curies":[{"name":"wp","href":"https:\/\/api.w.org\/{rel}","templated":true}]}}