{"id":741,"date":"2010-02-21T05:34:20","date_gmt":"2010-02-21T05:34:20","guid":{"rendered":"http:\/\/www.associationdemarie.com\/?p=741"},"modified":"2010-02-21T05:34:20","modified_gmt":"2010-02-21T05:34:20","slug":"premier-dimanche","status":"publish","type":"post","link":"https:\/\/www.associationdemarie.org\/blog\/premier-dimanche\/","title":{"rendered":"Premier dimanche"},"content":{"rendered":"<p><strong>La tentation de J\u00e9sus au d\u00e9sert &#8211; Luc 4, 1-13<\/strong><\/p>\n<p>4. 1 J\u00e9sus revint du Jourdain rempli de l\u2019Esprit Saint?\u00a0; il se laissa conduire par l\u2019Esprit \u00e0 travers le d\u00e9sert 2 o\u00f9, durant quarante jours, il fut tent\u00e9 par le diable. De tous ces jours il ne mangea rien, et lorsqu\u2019ils s\u2019achev\u00e8rent il eut faim. 3 Le diable lui dit alors?\u00a0: \u00ab\u00a0?Si tu es Fils de Dieu, commande \u00e0 cette pierre qu\u2019elle devienne du pain.?\u00a0\u00bb 4 J\u00e9sus lui r\u00e9pondit?\u00a0: \u00ab\u00a0?Il est \u00e9crit?\u00a0: L\u2019homme ne vit pas seulement de pain.?\u00a0\u00bb 5 Le diable alors l\u2019emporta et lui montra, le temps d\u2019un clin d\u2019\u0153il, tous les royaumes de la terre. 6 Il lui dit?\u00a0: \u00ab\u00a0?Je te donnerai autorit\u00e9 sur tous?\u00a0; toute cette gloire sera tienne, car elle m\u2019a \u00e9t\u00e9 remise et je la donne \u00e0 qui je veux?\u00a0! 7 Elle sera tout enti\u00e8re \u00e0 toi si tu te prosternes devant moi.?\u00a0\u00bb 8 Mais J\u00e9sus lui r\u00e9pondit?\u00a0: \u00ab\u00a0?Il est \u00e9crit?\u00a0: Tu te prosterneras devant le Seigneur ton Dieu et tu n\u2019adoreras que lui.?\u00a0\u00bb 9 Le diable alors le conduisit \u00e0 J\u00e9rusalem. Il le pla\u00e7a sur le haut du rempart du Temple et lui dit?\u00a0: \u00ab\u00a0?Si tu es Fils de Dieu, jette-toi d\u2019ici en bas. 10 Car il est \u00e9crit?\u00a0: Il donnera des ordres \u00e0 ses anges \u00e0 ton sujet, pour qu\u2019ils te gardent. 11 Et encore?\u00a0: Leurs mains te saisiront, de peur que ton pied ne heurte quelque pierre.?\u00a0\u00bb 12 Mais J\u00e9sus lui r\u00e9pliqua?\u00a0: \u00ab\u00a0?Il est dit?\u00a0: Tu ne mettras pas \u00e0 l\u2019\u00e9preuve le Seigneur ton Dieu.?\u00a0\u00bb 13 Le diable avait tent\u00e9 J\u00e9sus de toutes les fa\u00e7ons possibles?\u00a0; il s\u2019\u00e9loigna de lui, attendant une occasion.<\/p>\n<p>\u00a9 La Bible des Peuples, \u00e9d. Jubil\u00e9-Le Sarment<\/p>\n","protected":false},"excerpt":{"rendered":"<p>La tentation de J\u00e9sus au d\u00e9sert &#8211; Luc 4, 1-13 4. 1 J\u00e9sus revint du Jourdain rempli de l\u2019Esprit Saint?\u00a0; il se laissa conduire par l\u2019Esprit \u00e0 travers le d\u00e9sert 2 o\u00f9, durant quarante jours, il fut tent\u00e9 par le diable. De tous ces jours il ne mangea rien, et lorsqu\u2019ils s\u2019achev\u00e8rent il eut faim. [&hellip;]<\/p>\n","protected":false},"author":2,"featured_media":0,"comment_status":"closed","ping_status":"closed","sticky":false,"template":"","format":"standard","meta":{"footnotes":""},"categories":[3,8,13],"tags":[184,288,1134],"class_list":["post-741","post","type-post","status-publish","format-standard","hentry","category-liturgique","category-careme-2010","category-ecritures","tag-careme","tag-desert","tag-tentation"],"_links":{"self":[{"href":"https:\/\/www.associationdemarie.org\/blog\/wp-json\/wp\/v2\/posts\/741","targetHints":{"allow":["GET"]}}],"collection":[{"href":"https:\/\/www.associationdemarie.org\/blog\/wp-json\/wp\/v2\/posts"}],"about":[{"href":"https:\/\/www.associationdemarie.org\/blog\/wp-json\/wp\/v2\/types\/post"}],"author":[{"embeddable":true,"href":"https:\/\/www.associationdemarie.org\/blog\/wp-json\/wp\/v2\/users\/2"}],"replies":[{"embeddable":true,"href":"https:\/\/www.associationdemarie.org\/blog\/wp-json\/wp\/v2\/comments?post=741"}],"version-history":[{"count":0,"href":"https:\/\/www.associationdemarie.org\/blog\/wp-json\/wp\/v2\/posts\/741\/revisions"}],"wp:attachment":[{"href":"https:\/\/www.associationdemarie.org\/blog\/wp-json\/wp\/v2\/media?parent=741"}],"wp:term":[{"taxonomy":"category","embeddable":true,"href":"https:\/\/www.associationdemarie.org\/blog\/wp-json\/wp\/v2\/categories?post=741"},{"taxonomy":"post_tag","embeddable":true,"href":"https:\/\/www.associationdemarie.org\/blog\/wp-json\/wp\/v2\/tags?post=741"}],"curies":[{"name":"wp","href":"https:\/\/api.w.org\/{rel}","templated":true}]}}