{"id":7397,"date":"2013-05-08T01:05:48","date_gmt":"2013-05-08T01:05:48","guid":{"rendered":"http:\/\/preprod.meltem-int.com\/marie\/blog\/?p=7397"},"modified":"2013-05-08T01:05:48","modified_gmt":"2013-05-08T01:05:48","slug":"evangile-de-jesus-christ-selon-saint-jean-1612-15","status":"publish","type":"post","link":"https:\/\/www.associationdemarie.org\/blog\/evangile-de-jesus-christ-selon-saint-jean-1612-15\/","title":{"rendered":"\u00c9vangile de J\u00e9sus Christ selon saint Jean 16,12-15."},"content":{"rendered":"<p><a href=\"https:\/\/www.associationdemarie.org\/blog\/wp-content\/uploads\/2013\/04\/dons-de-lEsprit.jpg\"><img loading=\"lazy\" decoding=\"async\" class=\"alignright size-full wp-image-7398\" title=\"dons de l'Esprit\" src=\"https:\/\/www.associationdemarie.org\/blog\/wp-content\/uploads\/2013\/04\/dons-de-lEsprit.jpg\" alt=\"\" width=\"200\" height=\"202\" \/><\/a>\u00c0 l&rsquo;heure o\u00f9 J\u00e9sus passait de ce monde \u00e0 son P\u00e8re, il disait \u00e0 ses disciples\u00a0: \u00ab\u00a0J&rsquo;aurais encore beaucoup de choses \u00e0 vous dire, mais pour l&rsquo;instant vous n&rsquo;avez pas la force de les porter.<br \/>\nQuand il viendra, lui, l&rsquo;Esprit de v\u00e9rit\u00e9, il vous guidera vers la v\u00e9rit\u00e9 tout enti\u00e8re. En effet, ce qu&rsquo;il dira ne viendra pas de lui-m\u00eame\u00a0: il redira tout ce qu&rsquo;il aura entendu\u00a0; et ce qui va venir, il vous le fera conna\u00eetre.<br \/>\nIl me glorifiera, car il reprendra ce qui vient de moi pour vous le faire conna\u00eetre.<br \/>\nTout ce qui appartient au P\u00e8re est \u00e0 moi\u00a0; voil\u00e0 pourquoi je vous ai dit\u00a0: Il reprend ce qui vient de moi pour vous le faire conna\u00eetre.<\/p>\n<p>&nbsp;<\/p>\n<p>&nbsp;<\/p>\n<p>&nbsp;<\/p>\n","protected":false},"excerpt":{"rendered":"<p>\u00c0 l&rsquo;heure o\u00f9 J\u00e9sus passait de ce monde \u00e0 son P\u00e8re, il disait \u00e0 ses disciples\u00a0: \u00ab\u00a0J&rsquo;aurais encore beaucoup de choses \u00e0 vous dire, mais pour l&rsquo;instant vous n&rsquo;avez pas la force de les porter. Quand il viendra, lui, l&rsquo;Esprit de v\u00e9rit\u00e9, il vous guidera vers la v\u00e9rit\u00e9 tout enti\u00e8re. En effet, ce qu&rsquo;il dira [&hellip;]<\/p>\n","protected":false},"author":2,"featured_media":0,"comment_status":"closed","ping_status":"closed","sticky":false,"template":"","format":"standard","meta":{"footnotes":""},"categories":[3,13],"tags":[295,765,791,927,1041],"class_list":["post-7397","post","type-post","status-publish","format-standard","hentry","category-liturgique","category-ecritures","tag-dieu","tag-paraclet","tag-pentecote","tag-saint-esprit","tag-st-jean"],"_links":{"self":[{"href":"https:\/\/www.associationdemarie.org\/blog\/wp-json\/wp\/v2\/posts\/7397","targetHints":{"allow":["GET"]}}],"collection":[{"href":"https:\/\/www.associationdemarie.org\/blog\/wp-json\/wp\/v2\/posts"}],"about":[{"href":"https:\/\/www.associationdemarie.org\/blog\/wp-json\/wp\/v2\/types\/post"}],"author":[{"embeddable":true,"href":"https:\/\/www.associationdemarie.org\/blog\/wp-json\/wp\/v2\/users\/2"}],"replies":[{"embeddable":true,"href":"https:\/\/www.associationdemarie.org\/blog\/wp-json\/wp\/v2\/comments?post=7397"}],"version-history":[{"count":0,"href":"https:\/\/www.associationdemarie.org\/blog\/wp-json\/wp\/v2\/posts\/7397\/revisions"}],"wp:attachment":[{"href":"https:\/\/www.associationdemarie.org\/blog\/wp-json\/wp\/v2\/media?parent=7397"}],"wp:term":[{"taxonomy":"category","embeddable":true,"href":"https:\/\/www.associationdemarie.org\/blog\/wp-json\/wp\/v2\/categories?post=7397"},{"taxonomy":"post_tag","embeddable":true,"href":"https:\/\/www.associationdemarie.org\/blog\/wp-json\/wp\/v2\/tags?post=7397"}],"curies":[{"name":"wp","href":"https:\/\/api.w.org\/{rel}","templated":true}]}}