{"id":7363,"date":"2013-05-05T01:44:06","date_gmt":"2013-05-05T01:44:06","guid":{"rendered":"http:\/\/preprod.meltem-int.com\/marie\/blog\/?p=7363"},"modified":"2013-05-05T01:44:06","modified_gmt":"2013-05-05T01:44:06","slug":"le-defenseur-lesprit-saint-vous-fera-souvenir-de-tout-ce-que-je-vous-ai-dit","status":"publish","type":"post","link":"https:\/\/www.associationdemarie.org\/blog\/le-defenseur-lesprit-saint-vous-fera-souvenir-de-tout-ce-que-je-vous-ai-dit\/","title":{"rendered":"\u00ab Le D\u00e9fenseur, l&rsquo;Esprit Saint&#8230;, vous fera souvenir de tout ce que je vous ai dit. \u00bb"},"content":{"rendered":"<p>Une fois ressuscit\u00e9, le Christ, qui avait \u00ab remis l&rsquo;esprit \u00bb sur la croix (Jn 19,30) comme Fils de l&rsquo;homme et Agneau de Dieu, va vers les ap\u00f4tres pour \u00ab souffler sur eux \u00bb (Jn 20,22)&#8230; La venue du Seigneur remplit de joie ceux qui sont pr\u00e9sents : \u00ab leur tristesse se change en joie \u00bb (cf Jn 16,20), comme il l&rsquo;avait d\u00e9j\u00e0 promis lui-m\u00eame avant sa Passion. Et surtout l&rsquo;annonce essentielle du discours d&rsquo;adieu se r\u00e9alise : le Christ ressuscit\u00e9, comme inaugurant une cr\u00e9ation nouvelle, porte l&rsquo;Esprit Saint aux ap\u00f4tres. Il le leur porte au prix de son \u00ab d\u00e9part \u00bb, il leur donne cet Esprit en quelque sorte \u00e0 travers les plaies de sa crucifixion : \u00ab Il leur montra ses mains et son c\u00f4t\u00e9 \u00bb (Jn 20,20). C&rsquo;est en vertu de cette crucifixion qu&rsquo;il leur dit : \u00ab Recevez l&rsquo;Esprit Saint \u00bb (v. 22).<\/p>\n<p><a href=\"https:\/\/www.associationdemarie.org\/blog\/wp-content\/uploads\/2013\/04\/23mai.2.jpg\"><img loading=\"lazy\" decoding=\"async\" class=\"alignright  wp-image-7364\" title=\"23mai.2\" src=\"https:\/\/www.associationdemarie.org\/blog\/wp-content\/uploads\/2013\/04\/23mai.2-300x250.jpg\" alt=\"\" width=\"189\" height=\"158\" srcset=\"https:\/\/www.associationdemarie.org\/blog\/wp-content\/uploads\/2013\/04\/23mai.2-300x250.jpg 300w, https:\/\/www.associationdemarie.org\/blog\/wp-content\/uploads\/2013\/04\/23mai.2.jpg 339w\" sizes=\"auto, (max-width: 189px) 100vw, 189px\" \/><\/a>Un lien \u00e9troit s&rsquo;\u00e9tablit ainsi entre l&rsquo;envoi du Fils et celui de l&rsquo;Esprit Saint. L&rsquo;envoi de l&rsquo;Esprit Saint (apr\u00e8s le p\u00e9ch\u00e9 originel) ne peut avoir lieu sans la croix et la r\u00e9surrection : \u00ab Si je ne pars pas, le Paraclet ne viendra pas vers vous \u00bb (Jn 16,7). Un lien \u00e9troit s&rsquo;\u00e9tablit aussi entre la mission de l&rsquo;Esprit Saint et celle du Fils dans la r\u00e9demption. La mission du Fils, en un sens, trouve son ach\u00e8vement dans la r\u00e9demption ; la mission de l&rsquo;Esprit Saint d\u00e9coule de la r\u00e9demption : \u00ab C&rsquo;est de mon bien qu&rsquo;il re\u00e7oit et il vous le d\u00e9voilera \u00bb (Jn 16,15). La r\u00e9demption est accomplie pleinement par le Fils comme l&rsquo;Oint qui est venu et a agi par la puissance de l&rsquo;Esprit Saint, s&rsquo;offrant lui-m\u00eame \u00e0 la fin en sacrifice supr\u00eame sur le bois de la croix. Et cette r\u00e9demption est aussi accomplie continuellement dans les c\u0153urs et les consciences des hommes \u2014 dans l&rsquo;histoire du monde \u2014 par l&rsquo;Esprit Saint qui est l&rsquo;\u00ab autre D\u00e9fenseur \u00bb (Jn 14,16).<\/p>\n<p>Bienheureux Jean-Paul II (1920-2005), pape<br \/>\n<em>Encyclique \u00ab Dominum et vivificantem \u00bb, \u00a7 24 (trad. \u00a9 Libreria Editrice Vaticana)<\/em><\/p>\n<p>&nbsp;<\/p>\n<p>&nbsp;<\/p>\n<p>&nbsp;<\/p>\n","protected":false},"excerpt":{"rendered":"<p>Une fois ressuscit\u00e9, le Christ, qui avait \u00ab remis l&rsquo;esprit \u00bb sur la croix (Jn 19,30) comme Fils de l&rsquo;homme et Agneau de Dieu, va vers les ap\u00f4tres pour \u00ab souffler sur eux \u00bb (Jn 20,22)&#8230; La venue du Seigneur remplit de joie ceux qui sont pr\u00e9sents : \u00ab leur tristesse se change en joie [&hellip;]<\/p>\n","protected":false},"author":2,"featured_media":0,"comment_status":"closed","ping_status":"closed","sticky":false,"template":"","format":"standard","meta":{"footnotes":""},"categories":[3,13,26,28],"tags":[158,276,378,535,765,777,872,892],"class_list":["post-7363","post","type-post","status-publish","format-standard","hentry","category-liturgique","category-ecritures","category-priere-des-ames","category-saints-et-saintes","tag-bienheureux-jean-paul-2","tag-crucifixion","tag-esprit-saint","tag-jesus","tag-paraclet","tag-passion","tag-redemption","tag-resurrection"],"_links":{"self":[{"href":"https:\/\/www.associationdemarie.org\/blog\/wp-json\/wp\/v2\/posts\/7363","targetHints":{"allow":["GET"]}}],"collection":[{"href":"https:\/\/www.associationdemarie.org\/blog\/wp-json\/wp\/v2\/posts"}],"about":[{"href":"https:\/\/www.associationdemarie.org\/blog\/wp-json\/wp\/v2\/types\/post"}],"author":[{"embeddable":true,"href":"https:\/\/www.associationdemarie.org\/blog\/wp-json\/wp\/v2\/users\/2"}],"replies":[{"embeddable":true,"href":"https:\/\/www.associationdemarie.org\/blog\/wp-json\/wp\/v2\/comments?post=7363"}],"version-history":[{"count":0,"href":"https:\/\/www.associationdemarie.org\/blog\/wp-json\/wp\/v2\/posts\/7363\/revisions"}],"wp:attachment":[{"href":"https:\/\/www.associationdemarie.org\/blog\/wp-json\/wp\/v2\/media?parent=7363"}],"wp:term":[{"taxonomy":"category","embeddable":true,"href":"https:\/\/www.associationdemarie.org\/blog\/wp-json\/wp\/v2\/categories?post=7363"},{"taxonomy":"post_tag","embeddable":true,"href":"https:\/\/www.associationdemarie.org\/blog\/wp-json\/wp\/v2\/tags?post=7363"}],"curies":[{"name":"wp","href":"https:\/\/api.w.org\/{rel}","templated":true}]}}