{"id":7355,"date":"2013-05-03T01:37:33","date_gmt":"2013-05-03T01:37:33","guid":{"rendered":"http:\/\/preprod.meltem-int.com\/marie\/blog\/?p=7355"},"modified":"2013-05-03T01:37:33","modified_gmt":"2013-05-03T01:37:33","slug":"st-philippe-et-jacques-le-mineur-apotres-ier-s","status":"publish","type":"post","link":"https:\/\/www.associationdemarie.org\/blog\/st-philippe-et-jacques-le-mineur-apotres-ier-s\/","title":{"rendered":"St Philippe et Jacques le Mineur, ap\u00f4tres (Ier s.)"},"content":{"rendered":"<div>\n<table border=\"0\" cellspacing=\"0\" cellpadding=\"0\" align=\"left\">\n<tbody>\n<tr>\n<td align=\"left\" valign=\"top\">P<\/td>\n<\/tr>\n<\/tbody>\n<\/table>\n<\/div>\n<p>hilippe\u00a0\u00e9tait de Bethsa\u00efde, en Galil\u00e9e, patrie de saint Pierre et de saint Andr\u00e9. Le Sauveur, d\u00e8s les premiers jours de sa vie publique, le rencontra et lui dit : \u00ab\u00a0<em>Suis-Moi !<\/em>\u00a0\u00bb<\/p>\n<p><a href=\"https:\/\/www.associationdemarie.org\/blog\/wp-content\/uploads\/2013\/04\/Philippe-et-Jacques.jpg\"><img loading=\"lazy\" decoding=\"async\" class=\"alignright size-full wp-image-7356\" title=\"Philippe et Jacques\" src=\"https:\/\/www.associationdemarie.org\/blog\/wp-content\/uploads\/2013\/04\/Philippe-et-Jacques.jpg\" alt=\"\" width=\"220\" height=\"133\" \/><\/a>Apr\u00e8s la Pentec\u00f4te, il alla pr\u00eacher dans les immenses contr\u00e9es de l&rsquo;Asie sup\u00e9rieure ; il \u00e9vang\u00e9lisa longtemps les Scythes, puis les Galates, les Phrygiens, et c&rsquo;est dans la ville d&rsquo;Hi\u00e9rapolis, en Phrygie, qu&rsquo;il confirma sa pr\u00e9dication par le t\u00e9moignage de son sang.<\/p>\n<p>Un jour que le peuple offrait de l&rsquo;encens \u00e0 un gros serpent qu&rsquo;il regardait comme une de ses divinit\u00e9s principales, Philippe, saisi de compassion, se jette \u00e0 terre et supplie Dieu de d\u00e9livrer ces malheureux de la tyrannie du serpent infernal. L&rsquo;affreuse b\u00eate expire aussit\u00f4t. Le peuple se montrait dispos\u00e9 \u00e0 accepter la doctrine d&rsquo;un homme qui op\u00e9rait de telles merveilles ; mais les magistrats et les pontifes s&#8217;empar\u00e8rent de l&rsquo;Ap\u00f4tre, le battirent de verges, le clou\u00e8rent \u00e0 une croix et l&rsquo;accabl\u00e8rent de pierres. \u00c0 sa mort, la terre trembla et plusieurs \u00e9difices s&rsquo;\u00e9croul\u00e8rent.<\/p>\n<table border=\"0\" cellspacing=\"0\" cellpadding=\"0\" align=\"left\">\n<tbody>\n<tr>\n<td align=\"left\" valign=\"top\">J<\/td>\n<\/tr>\n<\/tbody>\n<\/table>\n<p>acques, appel\u00e9 le Mineur pour le distinguer de Jacques le Majeur, fr\u00e8re de saint Jean, \u00e9tait n\u00e9 \u00e0 Cana, en Galil\u00e9e ; il \u00e9tait de la tribu de Juda et cousin de Notre-Seigneur selon la chair. La tradition affirme qu&rsquo;il ressemblait au Sauveur, et que les fid\u00e8les aimaient \u00e0 regarder en lui une vivante image de leur Ma\u00eetre remont\u00e9 dans le Ciel. Jacques eut un fr\u00e8re, Ap\u00f4tre comme lui, nomm\u00e9 Jude, et ses deux autres fr\u00e8res, Joseph et Simon, furent disciples de J\u00e9sus.<\/p>\n<p>Apr\u00e8s la Pentec\u00f4te, quand les Ap\u00f4tres se partag\u00e8rent le monde, Jacques se fixa \u00e0 J\u00e9rusalem, pour la conversion sp\u00e9ciale des Juifs. Son autorit\u00e9 \u00e9tait tr\u00e8s grande dans l&rsquo;\u00c9glise primitive, et, au concile de J\u00e9rusalem, c&rsquo;est lui qui, le premier apr\u00e8s saint Pierre, prit la parole. Il nous reste de lui une belle \u00c9p\u00eetre.<\/p>\n<p>Les conversions nombreuses et \u00e9clatantes op\u00e9r\u00e9es par son minist\u00e8re lui suscit\u00e8rent des ennemis. Les princes des Juifs le firent monter sur la terrasse du temple et lui dirent : \u00ab\u00a0<em>Juste, nous avons confiance en toi ; parle et dis-nous la v\u00e9rit\u00e9 sur J\u00e9sus !<\/em>\u00a0\u00bb Le saint Ap\u00f4tre s&rsquo;\u00e9cria : \u00ab\u00a0<em>Pourquoi m&rsquo;interrogez-vous sur le Christ ? Il si\u00e8ge dans les Cieux \u00e0 la droite de la Majest\u00e9 divine, et un jour Il reviendra sur les nu\u00e9es du Ciel.<\/em>\u00a0\u00bb La foule approuvait ces paroles ; mais les chefs, jaloux, pr\u00e9cipit\u00e8rent le vieillard du haut en bas. Bris\u00e9 dans sa chute, le martyr trouve encore la force de se mettre \u00e0 genoux et de prier Dieu pour ses bourreaux, en r\u00e9p\u00e9tant la parole du Sauveur : \u00ab\u00a0<em>Seigneur, pardonnez-leur, ils ne savent pas ce qu&rsquo;ils font.<\/em>\u00a0\u00bb Un foulon l&rsquo;\u00e9tendit mort d&rsquo;un coup de levier sur la t\u00eate.<\/p>\n<p align=\"center\">Pour approfondir, lire\u00a0les Cat\u00e9ch\u00e8ses du Pape Beno\u00eet XVI :<br \/>\n<a href=\"http:\/\/www.vatican.va\/holy_father\/benedict_xvi\/audiences\/2006\/documents\/hf_ben-xvi_aud_20060628_fr.html\">&gt;&gt;&gt;\u00a0Jacques le Mineur<\/a><br \/>\n<a href=\"http:\/\/www.vatican.va\/holy_father\/benedict_xvi\/audiences\/2006\/documents\/hf_ben-xvi_aud_20060906_fr.html\">&gt;&gt;&gt;\u00a0Philippe<\/a><\/p>\n<p>Abb\u00e9 L. Jaud, Vie des Saints pour tous les jours de l&rsquo;ann\u00e9e, Tours, Mame, 1950 (\u00ab R\u00e9v. x gpm \u00bb).<\/p>\n<p>&nbsp;<\/p>\n<p>&nbsp;<\/p>\n<p>&nbsp;<\/p>\n<p>&nbsp;<\/p>\n<p>&nbsp;<\/p>\n<p>&nbsp;<\/p>\n<p>&nbsp;<\/p>\n","protected":false},"excerpt":{"rendered":"<p>P hilippe\u00a0\u00e9tait de Bethsa\u00efde, en Galil\u00e9e, patrie de saint Pierre et de saint Andr\u00e9. Le Sauveur, d\u00e8s les premiers jours de sa vie publique, le rencontra et lui dit : \u00ab\u00a0Suis-Moi !\u00a0\u00bb Apr\u00e8s la Pentec\u00f4te, il alla pr\u00eacher dans les immenses contr\u00e9es de l&rsquo;Asie sup\u00e9rieure ; il \u00e9vang\u00e9lisa longtemps les Scythes, puis les Galates, les [&hellip;]<\/p>\n","protected":false},"author":2,"featured_media":0,"comment_status":"closed","ping_status":"closed","sticky":false,"template":"","format":"standard","meta":{"footnotes":""},"categories":[3,13,15,28],"tags":[83,387,647,791,1040,1069],"class_list":["post-7355","post","type-post","status-publish","format-standard","hentry","category-liturgique","category-ecritures","category-histoire","category-saints-et-saintes","tag-apotre","tag-evangelisation","tag-martyr","tag-pentecote","tag-st-jacques","tag-st-philippe"],"_links":{"self":[{"href":"https:\/\/www.associationdemarie.org\/blog\/wp-json\/wp\/v2\/posts\/7355","targetHints":{"allow":["GET"]}}],"collection":[{"href":"https:\/\/www.associationdemarie.org\/blog\/wp-json\/wp\/v2\/posts"}],"about":[{"href":"https:\/\/www.associationdemarie.org\/blog\/wp-json\/wp\/v2\/types\/post"}],"author":[{"embeddable":true,"href":"https:\/\/www.associationdemarie.org\/blog\/wp-json\/wp\/v2\/users\/2"}],"replies":[{"embeddable":true,"href":"https:\/\/www.associationdemarie.org\/blog\/wp-json\/wp\/v2\/comments?post=7355"}],"version-history":[{"count":0,"href":"https:\/\/www.associationdemarie.org\/blog\/wp-json\/wp\/v2\/posts\/7355\/revisions"}],"wp:attachment":[{"href":"https:\/\/www.associationdemarie.org\/blog\/wp-json\/wp\/v2\/media?parent=7355"}],"wp:term":[{"taxonomy":"category","embeddable":true,"href":"https:\/\/www.associationdemarie.org\/blog\/wp-json\/wp\/v2\/categories?post=7355"},{"taxonomy":"post_tag","embeddable":true,"href":"https:\/\/www.associationdemarie.org\/blog\/wp-json\/wp\/v2\/tags?post=7355"}],"curies":[{"name":"wp","href":"https:\/\/api.w.org\/{rel}","templated":true}]}}