{"id":7345,"date":"2013-05-01T01:58:24","date_gmt":"2013-05-01T01:58:24","guid":{"rendered":"http:\/\/preprod.meltem-int.com\/marie\/blog\/?p=7345"},"modified":"2013-05-01T01:58:24","modified_gmt":"2013-05-01T01:58:24","slug":"st-joseph-travailleur-ier-s","status":"publish","type":"post","link":"https:\/\/www.associationdemarie.org\/blog\/st-joseph-travailleur-ier-s\/","title":{"rendered":"St Joseph, travailleur (Ier s.)"},"content":{"rendered":"<p><a href=\"https:\/\/www.associationdemarie.org\/blog\/wp-content\/uploads\/2013\/04\/San_Giuseppe_G.jpg\"><img loading=\"lazy\" decoding=\"async\" class=\"aligncenter size-medium wp-image-7346\" title=\"San_Giuseppe_G\" src=\"https:\/\/www.associationdemarie.org\/blog\/wp-content\/uploads\/2013\/04\/San_Giuseppe_G-300x232.jpg\" alt=\"\" width=\"300\" height=\"232\" srcset=\"https:\/\/www.associationdemarie.org\/blog\/wp-content\/uploads\/2013\/04\/San_Giuseppe_G-300x232.jpg 300w, https:\/\/www.associationdemarie.org\/blog\/wp-content\/uploads\/2013\/04\/San_Giuseppe_G.jpg 800w\" sizes=\"auto, (max-width: 300px) 100vw, 300px\" \/><\/a>La f\u00eate de saint Joseph, travailleur, a \u00e9t\u00e9 fix\u00e9e au 1er mai par le pape Pie XII en 1955. Le monde du travail prend une conscience grandissante de son importance et c&rsquo;est le r\u00f4le de l&rsquo;\u00c9glise de lui enseigner toute sa dignit\u00e9 ; la figure de saint Joseph y contribue merveilleusement. Cette f\u00eate de saint Joseph est une triple f\u00eate patronale : f\u00eate de l&rsquo;\u00c9glise, f\u00eate de la famille et du foyer, f\u00eate du travail.<\/p>\n<p>La pr\u00e9sence de J\u00e9sus dans l&rsquo;atelier de Nazareth enseigna \u00e0 saint Joseph le prix des heures p\u00e9nibles, et le dur labeur accept\u00e9 comme une r\u00e9paration pour le m\u00e9pris de l&rsquo;homme des lois de Dieu, a acquis gr\u00e2ce au Christ, une valeur r\u00e9demptrice. Artisan avec Dieu cr\u00e9ateur, fr\u00e8re de travail de J\u00e9sus-Ouvrier, associ\u00e9 avec Lui au rachat du monde, saint Joseph n&rsquo;attirera jamais trop les regards et la pri\u00e8re de notre si\u00e8cle.<\/p>\n<p>C&rsquo;est pourquoi l&rsquo;\u00c9glise, s&rsquo;inspirant de la Tradition qui baptisa autrefois quantit\u00e9 de f\u00eates pa\u00efennes pour les doter d&rsquo;un contenu chr\u00e9tien tout nouveau, pla\u00e7a la f\u00eate civile du travail sous le puissant patronage de saint Joseph. Ouvrier toute sa vie, qui mieux que lui rendit gr\u00e2ces \u00e0 Dieu le P\u00e8re en son labeur de chaque jour ? C&rsquo;est ce modeste artisan que Dieu choisit pour veiller sur l&rsquo;enfance du Verbe incarn\u00e9 venu sauver le monde par l&rsquo;humilit\u00e9 de la croix.<\/p>\n<p>\u00ab\u00a0<em>N&rsquo;est-il pas le fils du charpentier ?<\/em>\u00a0\u00bb disait-on du Sauveur. Joseph, connu \u00e0 Nazareth comme l&rsquo;\u00e9poux de Marie et le p\u00e8re de J\u00e9sus, homme juste, sans autres ressources que son m\u00e9tier, Joseph, ce fugitif de la grandeur, nous appara\u00eet comme le mod\u00e8le achev\u00e9 de l&rsquo;ouvrier selon le c\u0153ur de Dieu.<\/p>\n<p>Diligence, application, constance, s\u00e9r\u00e9nit\u00e9, abn\u00e9gation de soi, telles furent les vertus du saint charpentier de Nazareth. Par ses paroles et par ses exemples, Joseph nous enseigne l&rsquo;humilit\u00e9, la pauvret\u00e9, la mortification du corps et le travail. Quand nous avons, comme dit l&rsquo;Ap\u00f4tre, la nourriture et le v\u00eatement, contentons-nous-en ; tenons-nous-en au n\u00e9cessaire, sans aspirer au superflu. Apprenons du saint charpentier de Nazareth \u00e0 envisager le travail, non comme un esclavage, mais comme un privil\u00e8ge de grandeur et de noblesse, car le travail expie le p\u00e9ch\u00e9 et sanctifie l&rsquo;homme.<\/p>\n<p>Rappelons-nous aussi que c&rsquo;est l&rsquo;effort et non le succ\u00e8s qui garantit le m\u00e9rite et la r\u00e9compense. Sur la terre, le travail est la supr\u00eame fonction de l&rsquo;homme et toute sa vie d\u00e9pend de la mani\u00e8re dont il sait l&rsquo;accomplir. Comme saint Joseph, impr\u00e9gnons notre travail de foi, d&rsquo;esp\u00e9rance et de charit\u00e9 afin d&rsquo;obtenir cette transfiguration divine des besognes ordinaires. Cet esprit surnaturel nous \u00e9vitera le m\u00e9contentement et la mauvaise humeur. \u00c0 l&rsquo;exemple du saint Patriarche, que la pri\u00e8re se joigne \u00e0 notre travail afin que notre travail devienne une pri\u00e8re.<\/p>\n<p align=\"center\">\n<p align=\"center\">Pri\u00e8re de saint Pie X au glorieux saint Joseph mod\u00e8le des travailleurs\u00a0:<\/p>\n<p>Glorieux saint Joseph, mod\u00e8le de tous ceux qui sont vou\u00e9s au travail, obtenez-moi la gr\u00e2ce de travailler en esprit de p\u00e9nitence pour l&rsquo;expiation de mes nombreux p\u00e9ch\u00e9s ; de travailler en conscience, mettant le culte du devoir au-dessus de mes inclinations ; de travailler avec reconnaissance et joie, regardant comme un honneur d&#8217;employer et de d\u00e9velopper par le travail les dons re\u00e7us de Dieu ; de travailler avec ordre, paix, mod\u00e9ration et patience, sans jamais reculer devant la lassitude et les difficult\u00e9s ; de travailler surtout avec puret\u00e9 d&rsquo;intention et avec d\u00e9tachement de moi-m\u00eame ayant sans cesse devant les yeux la mort et le compte que je devrai rendre du temps perdu, des talents inutilis\u00e9s, du bien omis et des vaines complaisances dans le succ\u00e8s, si funestes \u00e0 l&rsquo;\u0153uvre de Dieu. Tout pour J\u00e9sus, tout pour Marie, tout \u00e0 votre imitation, patriarche saint Joseph ! Telle sera ma devise \u00e0 la vie \u00e0 la mort.\u00a0Amen<br \/>\nTir\u00e9 de R. P. Fr\u00e9d\u00e9ric de Ghyvelde, o.f.m., \u00e9dition 1902 (\u00ab R\u00e9v. x gpm \u00bb).<\/p>\n<p>&nbsp;<\/p>\n<p>&nbsp;<\/p>\n<p>&nbsp;<\/p>\n<p>&nbsp;<\/p>\n","protected":false},"excerpt":{"rendered":"<p>La f\u00eate de saint Joseph, travailleur, a \u00e9t\u00e9 fix\u00e9e au 1er mai par le pape Pie XII en 1955. Le monde du travail prend une conscience grandissante de son importance et c&rsquo;est le r\u00f4le de l&rsquo;\u00c9glise de lui enseigner toute sa dignit\u00e9 ; la figure de saint Joseph y contribue merveilleusement. Cette f\u00eate de saint [&hellip;]<\/p>\n","protected":false},"author":2,"featured_media":0,"comment_status":"closed","ping_status":"closed","sticky":false,"template":"","format":"standard","meta":{"footnotes":""},"categories":[3,13,15,27,28],"tags":[336,710,803,830,1050,1093],"class_list":["post-7345","post","type-post","status-publish","format-standard","hentry","category-liturgique","category-ecritures","category-histoire","category-prieres","category-saints-et-saintes","tag-eglise","tag-nazareth","tag-pie-xii","tag-priere","tag-st-joseph-travailleur","tag-ste-famille"],"_links":{"self":[{"href":"https:\/\/www.associationdemarie.org\/blog\/wp-json\/wp\/v2\/posts\/7345","targetHints":{"allow":["GET"]}}],"collection":[{"href":"https:\/\/www.associationdemarie.org\/blog\/wp-json\/wp\/v2\/posts"}],"about":[{"href":"https:\/\/www.associationdemarie.org\/blog\/wp-json\/wp\/v2\/types\/post"}],"author":[{"embeddable":true,"href":"https:\/\/www.associationdemarie.org\/blog\/wp-json\/wp\/v2\/users\/2"}],"replies":[{"embeddable":true,"href":"https:\/\/www.associationdemarie.org\/blog\/wp-json\/wp\/v2\/comments?post=7345"}],"version-history":[{"count":0,"href":"https:\/\/www.associationdemarie.org\/blog\/wp-json\/wp\/v2\/posts\/7345\/revisions"}],"wp:attachment":[{"href":"https:\/\/www.associationdemarie.org\/blog\/wp-json\/wp\/v2\/media?parent=7345"}],"wp:term":[{"taxonomy":"category","embeddable":true,"href":"https:\/\/www.associationdemarie.org\/blog\/wp-json\/wp\/v2\/categories?post=7345"},{"taxonomy":"post_tag","embeddable":true,"href":"https:\/\/www.associationdemarie.org\/blog\/wp-json\/wp\/v2\/tags?post=7345"}],"curies":[{"name":"wp","href":"https:\/\/api.w.org\/{rel}","templated":true}]}}