{"id":730,"date":"2010-02-15T15:34:38","date_gmt":"2010-02-15T15:34:38","guid":{"rendered":"http:\/\/www.associationdemarie.com\/?p=730"},"modified":"2010-02-15T15:34:38","modified_gmt":"2010-02-15T15:34:38","slug":"message-de-sa-saintete-benoit-xvi-pour-le-careme-2010","status":"publish","type":"post","link":"https:\/\/www.associationdemarie.org\/blog\/message-de-sa-saintete-benoit-xvi-pour-le-careme-2010\/","title":{"rendered":"Message de sa Saintet\u00e9 Beno\u00eet XVI pour le Car\u00eame 2010"},"content":{"rendered":"<p><span style=\"font-family: 'Times New Roman';\"><em> <\/em><\/span><\/p>\n<p><span style=\"font-family: 'Times New Roman';\"><em> <\/em><\/span><\/p>\n<p><em> <\/em><\/p>\n<p><em> <\/em><\/p>\n<figure id=\"attachment_239\" aria-describedby=\"caption-attachment-239\" style=\"width: 285px\" class=\"wp-caption alignright\"><a href=\"http:\/\/www.vatican.va\/holy_father\/benedict_xvi\/messages\/lent\/documents\/hf_ben-xvi_mes_20091030_lent-2010_fr.html\"><img loading=\"lazy\" decoding=\"async\" class=\"size-medium wp-image-239 \" title=\"colombe1\" src=\"https:\/\/www.associationdemarie.org\/blog\/wp-content\/uploads\/2009\/05\/colombe1-285x300.gif\" alt=\"\" width=\"285\" height=\"300\" \/><\/a><figcaption id=\"caption-attachment-239\" class=\"wp-caption-text\">Texte complet<\/figcaption><\/figure>\n<p><em>Chers fr\u00e8res et s\u0153urs,<\/em><\/p>\n<p><span style=\"font-family: 'Times New Roman';\">Chaque ann\u00e9e, \u00e0 l\u2019occasion du car\u00eame, l\u2019\u00c9glise nous invite \u00e0 une r\u00e9vision de vie sinc\u00e8re \u00e0 la lumi\u00e8re des enseignements \u00e9vang\u00e9liques. Cette ann\u00e9e j\u2019aimerais vous proposer quelques r\u00e9flexions sur un vaste sujet, celui de la justice, qui dans le langage commun revient \u00e0 \u00ab\u00a0donner \u00e0 chacun ce qui lui est d\u00fb &#8211;\u00a0<em>dare cuique suum<\/em> \u00bb selon la c\u00e9l\u00e8bre expression d\u2019Ulpianus, juriste romain du III si\u00e8cle,\u00a0\u00e0 partir de l\u2019affirmation de saint Paul\u00a0<em>:\u00a0\u00ab<strong>La justice de Dieu s\u2019est manifest\u00e9e moyennant la foi au Christ. <\/strong><\/em><em>\u00bb<\/em> (<em>Rm<\/em> 3, 21-22)<\/span><\/p>\n<p><span style=\"font-family: 'Times New Roman', 'Times New Roman', 'Bitstream Charter', Times, serif;\">&#8230;\/&#8230;<\/span><\/p>\n<p><span style=\"font-family: 'Times New Roman';\">Chers fr\u00e8res et s\u0153urs, le temps du car\u00eame culmine dans le triduum pascal,\u00a0 au cours duquel cette ann\u00e9e encore, nous c\u00e9l\u00e9brerons la justice divine, qui est pl\u00e9nitude de charit\u00e9, de don et de salut. Que ce temps de p\u00e9nitence soit pour chaque chr\u00e9tien un temps de vraie conversion et d\u2019intime connaissance du myst\u00e8re du Christ venu accomplir toute justice. Formulant ces v\u0153ux, j\u2019accorde \u00e0 tous et de tout c\u0153ur ma b\u00e9n\u00e9diction apostolique.<\/span><\/p>\n<p><span style=\"font-family: 'Times New Roman';\"><em>Cit\u00e9 du Vatican, le 30 octobre\u00a0 2009<\/em><\/span><\/p>\n<p><strong>BENEDICTUS PP. XVI<\/strong><\/p>\n<p><strong><a href=\"https:\/\/www.associationdemarie.org\/blog\/wp-content\/uploads\/2010\/02\/Beno\u00eet-16.jpg\"><img loading=\"lazy\" decoding=\"async\" class=\"aligncenter size-full wp-image-791\" title=\"Beno\u00eet 16\" src=\"https:\/\/www.associationdemarie.org\/blog\/wp-content\/uploads\/2010\/02\/Beno\u00eet-16.jpg\" alt=\"\" width=\"127\" height=\"83\" \/><\/a><br \/>\n<\/strong><\/p>\n<p><strong><br \/>\n<\/strong><\/p>\n","protected":false},"excerpt":{"rendered":"<p>Chers fr\u00e8res et s\u0153urs, Chaque ann\u00e9e, \u00e0 l\u2019occasion du car\u00eame, l\u2019\u00c9glise nous invite \u00e0 une r\u00e9vision de vie sinc\u00e8re \u00e0 la lumi\u00e8re des enseignements \u00e9vang\u00e9liques. Cette ann\u00e9e j\u2019aimerais vous proposer quelques r\u00e9flexions sur un vaste sujet, celui de la justice, qui dans le langage commun revient \u00e0 \u00ab\u00a0donner \u00e0 chacun ce qui lui est d\u00fb [&hellip;]<\/p>\n","protected":false},"author":2,"featured_media":0,"comment_status":"closed","ping_status":"closed","sticky":false,"template":"","format":"standard","meta":{"footnotes":""},"categories":[8],"tags":[142,184,295,559],"class_list":["post-730","post","type-post","status-publish","format-standard","hentry","category-careme-2010","tag-benoit-16","tag-careme","tag-dieu","tag-justice"],"_links":{"self":[{"href":"https:\/\/www.associationdemarie.org\/blog\/wp-json\/wp\/v2\/posts\/730","targetHints":{"allow":["GET"]}}],"collection":[{"href":"https:\/\/www.associationdemarie.org\/blog\/wp-json\/wp\/v2\/posts"}],"about":[{"href":"https:\/\/www.associationdemarie.org\/blog\/wp-json\/wp\/v2\/types\/post"}],"author":[{"embeddable":true,"href":"https:\/\/www.associationdemarie.org\/blog\/wp-json\/wp\/v2\/users\/2"}],"replies":[{"embeddable":true,"href":"https:\/\/www.associationdemarie.org\/blog\/wp-json\/wp\/v2\/comments?post=730"}],"version-history":[{"count":0,"href":"https:\/\/www.associationdemarie.org\/blog\/wp-json\/wp\/v2\/posts\/730\/revisions"}],"wp:attachment":[{"href":"https:\/\/www.associationdemarie.org\/blog\/wp-json\/wp\/v2\/media?parent=730"}],"wp:term":[{"taxonomy":"category","embeddable":true,"href":"https:\/\/www.associationdemarie.org\/blog\/wp-json\/wp\/v2\/categories?post=730"},{"taxonomy":"post_tag","embeddable":true,"href":"https:\/\/www.associationdemarie.org\/blog\/wp-json\/wp\/v2\/tags?post=730"}],"curies":[{"name":"wp","href":"https:\/\/api.w.org\/{rel}","templated":true}]}}