{"id":7276,"date":"2013-04-21T01:01:51","date_gmt":"2013-04-21T01:01:51","guid":{"rendered":"http:\/\/preprod.meltem-int.com\/marie\/blog\/?p=7276"},"modified":"2013-04-21T01:01:51","modified_gmt":"2013-04-21T01:01:51","slug":"je-leur-donne-la-vie-eternelle","status":"publish","type":"post","link":"https:\/\/www.associationdemarie.org\/blog\/je-leur-donne-la-vie-eternelle\/","title":{"rendered":"\u00ab Je leur donne la vie \u00e9ternelle. \u00bb"},"content":{"rendered":"<p><a href=\"https:\/\/www.associationdemarie.org\/blog\/wp-content\/uploads\/2013\/04\/jesus3.gif\"><img loading=\"lazy\" decoding=\"async\" class=\"aligncenter size-full wp-image-7277\" title=\"jesus3\" src=\"https:\/\/www.associationdemarie.org\/blog\/wp-content\/uploads\/2013\/04\/jesus3.gif\" alt=\"\" width=\"390\" height=\"487\" \/><\/a><\/p>\n<p>Le Seigneur dit : \u00ab Mes brebis \u00e9coutent la voix, et moi je les connais ; elles me suivent, et je leur donne la vie \u00e9ternelle \u00bb. Un peu plus haut il avait dit \u00e0 leur sujet : \u00ab Si quelqu&rsquo;un entre en passant par moi, il sera sauv\u00e9 ; il pourra entrer et sortir, et il trouvera un p\u00e2turage \u00bb (Jn 10,9). Il entrera en venant \u00e0 la foi ; il sortira en passant de la foi \u00e0 la vision face \u00e0 face, de la croyance \u00e0 la contemplation, et il trouvera un p\u00e2turage en arrivant au festin \u00e9ternel.<\/p>\n<p>Les brebis du bon pasteur trouvent donc un p\u00e2turage parce que tous ceux qui le suivent avec un c\u0153ur simple sont nourris dans le p\u00e2turage des prairies \u00e9ternellement vertes. Et quel est le p\u00e2turage de ces brebis-l\u00e0, sinon les joies int\u00e9rieures d&rsquo;un paradis \u00e0 jamais verdoyant ? Car le p\u00e2turage des \u00e9lus, c&rsquo;est le visage de Dieu, toujours pr\u00e9sent : puisqu&rsquo;on le contemple sans interruption, l&rsquo;\u00e2me se rassasie sans fin d&rsquo;un aliment de vie&#8230;<\/p>\n<p>Recherchons donc, fr\u00e8res tr\u00e8s chers, ce p\u00e2turage o\u00f9 nous trouverons notre joie au c\u0153ur de la f\u00eate c\u00e9l\u00e9br\u00e9e au ciel par tant de nos concitoyens. Que leur all\u00e9gresse nous y invite&#8230; R\u00e9veillons donc nos \u00e2mes, mes fr\u00e8res ! Que notre foi se r\u00e9chauffe en ce qu&rsquo;elle croit, que nos d\u00e9sirs s&rsquo;enflamment pour les biens d&rsquo;en haut. Aimer ainsi c&rsquo;est d\u00e9j\u00e0 se mettre en route. Ne laissons aucune \u00e9preuve nous d\u00e9tourner de la joie de cette f\u00eate int\u00e9rieure, car si on d\u00e9sire se rendre \u00e0 un endroit qu&rsquo;on s&rsquo;est fix\u00e9, aucune difficult\u00e9 ne peut d\u00e9tourner de ce d\u00e9sir. Ne nous laissons pas non plus s\u00e9duire par des r\u00e9ussites flatteuses. Stupide serait le voyageur qui, au spectacle du paysage merveilleux, oublierait en chemin le but de son voyage.<\/p>\n<p>Saint Gr\u00e9goire le Grand (v. 540-604), pape et docteur de l&rsquo;\u00c9glise<br \/>\n<em>Hom\u00e9lies sur l&rsquo;\u00c9vangile, n\u00b014 (trad. cf br\u00e9viaire 4\u00e8me dim. P\u00e2ques et Le Barroux)<\/em><\/p>\n<p>&nbsp;<\/p>\n<p>&nbsp;<\/p>\n<p>&nbsp;<\/p>\n","protected":false},"excerpt":{"rendered":"<p>Le Seigneur dit : \u00ab Mes brebis \u00e9coutent la voix, et moi je les connais ; elles me suivent, et je leur donne la vie \u00e9ternelle \u00bb. Un peu plus haut il avait dit \u00e0 leur sujet : \u00ab Si quelqu&rsquo;un entre en passant par moi, il sera sauv\u00e9 ; il pourra entrer et sortir, [&hellip;]<\/p>\n","protected":false},"author":2,"featured_media":0,"comment_status":"closed","ping_status":"closed","sticky":false,"template":"","format":"standard","meta":{"footnotes":""},"categories":[3,13,28],"tags":[143,174,1382,389,1035,1187],"class_list":["post-7276","post","type-post","status-publish","format-standard","hentry","category-liturgique","category-ecritures","category-saints-et-saintes","tag-berger","tag-brebis","tag-ecritures","tag-evangile","tag-st-gregoire","tag-vie-eternelle"],"_links":{"self":[{"href":"https:\/\/www.associationdemarie.org\/blog\/wp-json\/wp\/v2\/posts\/7276","targetHints":{"allow":["GET"]}}],"collection":[{"href":"https:\/\/www.associationdemarie.org\/blog\/wp-json\/wp\/v2\/posts"}],"about":[{"href":"https:\/\/www.associationdemarie.org\/blog\/wp-json\/wp\/v2\/types\/post"}],"author":[{"embeddable":true,"href":"https:\/\/www.associationdemarie.org\/blog\/wp-json\/wp\/v2\/users\/2"}],"replies":[{"embeddable":true,"href":"https:\/\/www.associationdemarie.org\/blog\/wp-json\/wp\/v2\/comments?post=7276"}],"version-history":[{"count":0,"href":"https:\/\/www.associationdemarie.org\/blog\/wp-json\/wp\/v2\/posts\/7276\/revisions"}],"wp:attachment":[{"href":"https:\/\/www.associationdemarie.org\/blog\/wp-json\/wp\/v2\/media?parent=7276"}],"wp:term":[{"taxonomy":"category","embeddable":true,"href":"https:\/\/www.associationdemarie.org\/blog\/wp-json\/wp\/v2\/categories?post=7276"},{"taxonomy":"post_tag","embeddable":true,"href":"https:\/\/www.associationdemarie.org\/blog\/wp-json\/wp\/v2\/tags?post=7276"}],"curies":[{"name":"wp","href":"https:\/\/api.w.org\/{rel}","templated":true}]}}