{"id":7257,"date":"2013-04-17T04:36:09","date_gmt":"2013-04-17T04:36:09","guid":{"rendered":"http:\/\/preprod.meltem-int.com\/marie\/blog\/?p=7257"},"modified":"2013-04-17T04:36:09","modified_gmt":"2013-04-17T04:36:09","slug":"moi-je-suis-le-pain-de-la-vie","status":"publish","type":"post","link":"https:\/\/www.associationdemarie.org\/blog\/moi-je-suis-le-pain-de-la-vie\/","title":{"rendered":"\u00ab Moi, je suis le pain de la vie. \u00bb"},"content":{"rendered":"<p style=\"text-align: justify;\"><a href=\"https:\/\/www.associationdemarie.org\/blog\/wp-content\/uploads\/2013\/04\/le_pain_de_vie.jpg\"><img loading=\"lazy\" decoding=\"async\" class=\"aligncenter  wp-image-7258\" title=\"'le_pain_de_vie'\" src=\"https:\/\/www.associationdemarie.org\/blog\/wp-content\/uploads\/2013\/04\/le_pain_de_vie.jpg\" alt=\"\" width=\"469\" height=\"302\" srcset=\"https:\/\/www.associationdemarie.org\/blog\/wp-content\/uploads\/2013\/04\/le_pain_de_vie.jpg 670w, https:\/\/www.associationdemarie.org\/blog\/wp-content\/uploads\/2013\/04\/le_pain_de_vie-300x192.jpg 300w\" sizes=\"auto, (max-width: 469px) 100vw, 469px\" \/><\/a><\/p>\n<p style=\"text-align: justify;\">Vous avez demand\u00e9 \u00e0 passer trois mois seul avec J\u00e9sus [en retraite] ; cela vous ressemble bien. Mais si pendant ce temps la faim de J\u00e9sus dans le c\u0153ur de quelques membres de son peuple est plus grande que la v\u00f4tre, vous ne devriez pas rester seul avec J\u00e9sus tout le temps. Vous devez permettre \u00e0 J\u00e9sus de vous transformer en pain pour \u00eatre mang\u00e9 par ceux avec qui vous \u00eates en contact. Laissez les gens vous d\u00e9vorer ; par la parole et la pr\u00e9sence vous proclamez J\u00e9sus&#8230; M\u00eame Dieu ne pouvait pas offrir de plus grand amour qu&rsquo;en se donnant lui-m\u00eame comme Pain de vie \u2014 pour \u00eatre rompu, pour \u00eatre mang\u00e9 afin que vous et moi puissions manger et vivre, que nous puissions manger et satisfaire ainsi notre faim d&rsquo;amour.<\/p>\n<p>Et pourtant il ne semblait pas satisfait, car lui aussi avait faim d&rsquo;amour. Il s&rsquo;est donc fait l&rsquo;affam\u00e9, l&rsquo;assoiff\u00e9, le nu, le sans-logis et n&rsquo;a cess\u00e9 d&rsquo;appeler : \u00ab J&rsquo;avais faim, j&rsquo;\u00e9tais nu, j&rsquo;\u00e9tais sans logis. C&rsquo;est \u00e0 moi que vous l&rsquo;avez fait \u00bb (Mt 25,40). Le Pain de vie et l&rsquo;affam\u00e9, mais un seul amour : seulement J\u00e9sus.<\/p>\n<p>Bienheureuse Teresa de Calcutta (1910-1997), fondatrice des S\u0153urs Missionnaires de la Charit\u00e9<br \/>\n<em>Lettre \u00e0 un pr\u00eatre, 17\/02\/1978, in Come, Be My Light (trad. Viens, sois ma lumi\u00e8re, Lethielleux 2008, p. 322 rev.)<\/em><\/p>\n<p>&nbsp;<\/p>\n<p>&nbsp;<\/p>\n<p>&nbsp;<\/p>\n","protected":false},"excerpt":{"rendered":"<p>Vous avez demand\u00e9 \u00e0 passer trois mois seul avec J\u00e9sus [en retraite] ; cela vous ressemble bien. Mais si pendant ce temps la faim de J\u00e9sus dans le c\u0153ur de quelques membres de son peuple est plus grande que la v\u00f4tre, vous ne devriez pas rester seul avec J\u00e9sus tout le temps. Vous devez permettre [&hellip;]<\/p>\n","protected":false},"author":2,"featured_media":0,"comment_status":"closed","ping_status":"closed","sticky":false,"template":"","format":"standard","meta":{"footnotes":""},"categories":[3,13,26,28],"tags":[152,385,755],"class_list":["post-7257","post","type-post","status-publish","format-standard","hentry","category-liturgique","category-ecritures","category-priere-des-ames","category-saints-et-saintes","tag-bienheureuse-therese-de-calcutta","tag-eucharistie","tag-pain-de-vie"],"_links":{"self":[{"href":"https:\/\/www.associationdemarie.org\/blog\/wp-json\/wp\/v2\/posts\/7257","targetHints":{"allow":["GET"]}}],"collection":[{"href":"https:\/\/www.associationdemarie.org\/blog\/wp-json\/wp\/v2\/posts"}],"about":[{"href":"https:\/\/www.associationdemarie.org\/blog\/wp-json\/wp\/v2\/types\/post"}],"author":[{"embeddable":true,"href":"https:\/\/www.associationdemarie.org\/blog\/wp-json\/wp\/v2\/users\/2"}],"replies":[{"embeddable":true,"href":"https:\/\/www.associationdemarie.org\/blog\/wp-json\/wp\/v2\/comments?post=7257"}],"version-history":[{"count":0,"href":"https:\/\/www.associationdemarie.org\/blog\/wp-json\/wp\/v2\/posts\/7257\/revisions"}],"wp:attachment":[{"href":"https:\/\/www.associationdemarie.org\/blog\/wp-json\/wp\/v2\/media?parent=7257"}],"wp:term":[{"taxonomy":"category","embeddable":true,"href":"https:\/\/www.associationdemarie.org\/blog\/wp-json\/wp\/v2\/categories?post=7257"},{"taxonomy":"post_tag","embeddable":true,"href":"https:\/\/www.associationdemarie.org\/blog\/wp-json\/wp\/v2\/tags?post=7257"}],"curies":[{"name":"wp","href":"https:\/\/api.w.org\/{rel}","templated":true}]}}