{"id":7208,"date":"2013-04-06T01:25:23","date_gmt":"2013-04-06T01:25:23","guid":{"rendered":"http:\/\/preprod.meltem-int.com\/marie\/blog\/?p=7208"},"modified":"2013-04-06T01:25:23","modified_gmt":"2013-04-06T01:25:23","slug":"le-seigneur-jesus-fut-enleve-au-ciel-et-sassit-a-la-droite-de-dieu-et-eux-ils-sen-allerent-precher-en-tout-lieu-et-le-seigneur-agissait-avec-eux-mc-1619-20","status":"publish","type":"post","link":"https:\/\/www.associationdemarie.org\/blog\/le-seigneur-jesus-fut-enleve-au-ciel-et-sassit-a-la-droite-de-dieu-et-eux-ils-sen-allerent-precher-en-tout-lieu-et-le-seigneur-agissait-avec-eux-mc-1619-20\/","title":{"rendered":"\u00ab Le Seigneur J\u00e9sus fut enlev\u00e9 au ciel et s&rsquo;assit \u00e0 la droite de Dieu. Et eux, ils s&rsquo;en all\u00e8rent pr\u00eacher en tout lieu, et le Seigneur agissait avec eux. \u00bb (Mc 16,19-20)"},"content":{"rendered":"<p><a href=\"https:\/\/www.associationdemarie.org\/blog\/wp-content\/uploads\/2013\/03\/verset.jpg\"><img loading=\"lazy\" decoding=\"async\" class=\"aligncenter size-full wp-image-7209\" title=\"verset\" src=\"https:\/\/www.associationdemarie.org\/blog\/wp-content\/uploads\/2013\/03\/verset.jpg\" alt=\"\" width=\"400\" height=\"300\" srcset=\"https:\/\/www.associationdemarie.org\/blog\/wp-content\/uploads\/2013\/03\/verset.jpg 400w, https:\/\/www.associationdemarie.org\/blog\/wp-content\/uploads\/2013\/03\/verset-300x225.jpg 300w\" sizes=\"auto, (max-width: 400px) 100vw, 400px\" \/><\/a><\/p>\n<p>Repartir du Christ\u00a0: \u00ab\u00a0Et moi, je suis avec vous tous les jours jusqu&rsquo;\u00e0 la fin du monde\u00a0\u00bb (Mt 28,20). Cette certitude, chers fr\u00e8res et s\u0153urs, a accompagn\u00e9 l&rsquo;\u00c9glise pendant deux mille ans&#8230; Nous devons y puiser un \u00e9lan renouvel\u00e9 pour notre vie chr\u00e9tienne, en en faisant la force inspiratrice de notre cheminement. C&rsquo;est dans la conscience de cette pr\u00e9sence du Ressuscit\u00e9 parmi nous que nous nous posons aujourd&rsquo;hui la question adress\u00e9e \u00e0 Pierre \u00e0 J\u00e9rusalem, aussit\u00f4t apr\u00e8s son discours de la Pentec\u00f4te\u00a0: \u00ab\u00a0Que devons-nous faire\u00a0?\u00a0\u00bb (Ac 2,37)<\/p>\n<p>Nous nous interrogeons avec un optimisme confiant, sans pour autant sous-estimer les probl\u00e8mes. Nous ne sommes certes pas s\u00e9duits par la perspective na\u00efve qu&rsquo;il pourrait exister pour nous, face aux grands d\u00e9fis de notre temps, une formule magique. Non, ce n&rsquo;est pas une formule qui nous sauvera, mais une personne, et la certitude qu&rsquo;elle nous inspire\u00a0: \u00ab\u00a0Je suis avec vous\u00a0!\u00a0\u00bb<\/p>\n<p>Il ne s&rsquo;agit pas alors d&rsquo;inventer un nouveau programme. Le programme existe d\u00e9j\u00e0\u00a0: c&rsquo;est celui de toujours, tir\u00e9 de l&rsquo;\u00c9vangile et de la Tradition vivante. Il est centr\u00e9, en derni\u00e8re analyse, sur le Christ lui-m\u00eame, qu&rsquo;il faut conna\u00eetre, aimer, imiter, pour vivre en lui la vie trinitaire et pour transformer avec lui l&rsquo;histoire jusqu&rsquo;\u00e0 son ach\u00e8vement dans la J\u00e9rusalem c\u00e9leste&#8230; Il est toutefois n\u00e9cessaire qu&rsquo;il se traduise par des orientations pastorales adapt\u00e9es aux conditions de chaque communaut\u00e9&#8230; C&rsquo;est dans les \u00c9glises locales que l&rsquo;on peut fixer les \u00e9l\u00e9ments concrets d&rsquo;un programme&#8230;qui permettent \u00e0 l&rsquo;annonce du Christ d&rsquo;atteindre les personnes, de modeler les communaut\u00e9s, d&rsquo;agir en profondeur par le t\u00e9moignage des valeurs \u00e9vang\u00e9liques sur la soci\u00e9t\u00e9 et sur la culture&#8230; C&rsquo;est donc une \u0153uvre de reprise pastorale enthousiasmante qui nous attend. Une \u0153uvre qui nous implique tous.<\/p>\n<p>Bienheureux Jean-Paul II (1920-2005), pape<br \/>\n<em>Lettre apostolique pour le nouveau mill\u00e9naire \u00ab Novo millennio ineunte \u00bb, \u00a729 (trad. \u00a9 Libreria Editrice Vaticana)<\/em><\/p>\n<p>&nbsp;<\/p>\n<p>&nbsp;<\/p>\n","protected":false},"excerpt":{"rendered":"<p>Repartir du Christ\u00a0: \u00ab\u00a0Et moi, je suis avec vous tous les jours jusqu&rsquo;\u00e0 la fin du monde\u00a0\u00bb (Mt 28,20). Cette certitude, chers fr\u00e8res et s\u0153urs, a accompagn\u00e9 l&rsquo;\u00c9glise pendant deux mille ans&#8230; Nous devons y puiser un \u00e9lan renouvel\u00e9 pour notre vie chr\u00e9tienne, en en faisant la force inspiratrice de notre cheminement. C&rsquo;est dans la [&hellip;]<\/p>\n","protected":false},"author":2,"featured_media":0,"comment_status":"closed","ping_status":"closed","sticky":false,"template":"","format":"standard","meta":{"footnotes":""},"categories":[3,11,13,28],"tags":[158,305,336,533,791,890],"class_list":["post-7208","post","type-post","status-publish","format-standard","hentry","category-liturgique","category-careme-2013","category-ecritures","category-saints-et-saintes","tag-bienheureux-jean-paul-2","tag-disciples","tag-eglise","tag-jerusalem-celeste","tag-pentecote","tag-ressucite"],"_links":{"self":[{"href":"https:\/\/www.associationdemarie.org\/blog\/wp-json\/wp\/v2\/posts\/7208","targetHints":{"allow":["GET"]}}],"collection":[{"href":"https:\/\/www.associationdemarie.org\/blog\/wp-json\/wp\/v2\/posts"}],"about":[{"href":"https:\/\/www.associationdemarie.org\/blog\/wp-json\/wp\/v2\/types\/post"}],"author":[{"embeddable":true,"href":"https:\/\/www.associationdemarie.org\/blog\/wp-json\/wp\/v2\/users\/2"}],"replies":[{"embeddable":true,"href":"https:\/\/www.associationdemarie.org\/blog\/wp-json\/wp\/v2\/comments?post=7208"}],"version-history":[{"count":0,"href":"https:\/\/www.associationdemarie.org\/blog\/wp-json\/wp\/v2\/posts\/7208\/revisions"}],"wp:attachment":[{"href":"https:\/\/www.associationdemarie.org\/blog\/wp-json\/wp\/v2\/media?parent=7208"}],"wp:term":[{"taxonomy":"category","embeddable":true,"href":"https:\/\/www.associationdemarie.org\/blog\/wp-json\/wp\/v2\/categories?post=7208"},{"taxonomy":"post_tag","embeddable":true,"href":"https:\/\/www.associationdemarie.org\/blog\/wp-json\/wp\/v2\/tags?post=7208"}],"curies":[{"name":"wp","href":"https:\/\/api.w.org\/{rel}","templated":true}]}}