{"id":7178,"date":"2013-03-18T19:41:05","date_gmt":"2013-03-18T19:41:05","guid":{"rendered":"http:\/\/preprod.meltem-int.com\/marie\/blog\/?p=7178"},"modified":"2013-03-18T19:41:05","modified_gmt":"2013-03-18T19:41:05","slug":"sur-lautre-rive","status":"publish","type":"post","link":"https:\/\/www.associationdemarie.org\/blog\/sur-lautre-rive\/","title":{"rendered":"Sur l&rsquo;autre rive"},"content":{"rendered":"<p style=\"text-align: center;\"><a href=\"https:\/\/www.associationdemarie.org\/blog\/wp-content\/uploads\/2013\/03\/arbre.jpeg\"><img loading=\"lazy\" decoding=\"async\" class=\"aligncenter  wp-image-7179\" title=\"arbre\" src=\"https:\/\/www.associationdemarie.org\/blog\/wp-content\/uploads\/2013\/03\/arbre.jpeg\" alt=\"\" width=\"383\" height=\"576\" srcset=\"https:\/\/www.associationdemarie.org\/blog\/wp-content\/uploads\/2013\/03\/arbre.jpeg 638w, https:\/\/www.associationdemarie.org\/blog\/wp-content\/uploads\/2013\/03\/arbre-199x300.jpeg 199w\" sizes=\"auto, (max-width: 383px) 100vw, 383px\" \/><\/a><\/p>\n<p style=\"text-align: left;\">\n<p style=\"text-align: left;\">L\u2019\u00c9vangile est pour nous dans l\u2019invention. Il est dans l\u2019interpr\u00e9tation actuelle de l\u2019actuel. Soutenue sans doute par le Souffle. Mais avan\u00e7ant hardiment dans le vide du pas-encore-dit.<\/p>\n<p>Les croyants sont devenus essentiellement craintifs. Pas en tout, bien s\u00fbr ; il y a parmi eux de grands courages. Mais ils sont craintifs \u00e0 la pointe de leur foi, l\u00e0 o\u00f9 elle devrait entamer le mur qui cl\u00f4t ce monde en sa tristesse.<\/p>\n<p>Il leur faut un peu se d\u00e9placer ! Dans le Nouveau Testament, on voit la jeune foi chr\u00e9tienne, d\u2019abord toute en attente de l\u2019eschatologie imminente, passer \u00e0 cette verticalit\u00e9 de la \u00abvie \u00e9ternelle\u00bb pr\u00e9sente d\u00e8s maintenant en notre vie mortelle.??Sans rien oublier, sans rien exclure. La foi n\u2019a pas besoin de d\u00e9truire pour s\u2019avancer ; elle n\u2019est pas dialectique. Elle est comme l\u2019arbre, qui garde toutes ses ann\u00e9es, mais cro\u00eet.<\/p>\n<p>Et la v\u00e9rit\u00e9 de l\u2019arbre, dit l\u2019\u00c9vangile, est dans son fruit. Et quel fruit, sinon cet amour, premier, savoureux, constant, inentamable, o\u00f9 l\u2019\u00eatre humain trouve assurance, jusque contre cette part de lui-m\u00eame qui veut sa destruction ?<\/p>\n<p>Cet amour, que la foi dit \u00abde Dieu\u00bb, passe par l\u2019homme \u00e0 l\u2019homme. C\u2019est lui la substance de la Tradition o\u00f9 la transmission, comme la vie du corps passe par les parents.<\/p>\n<p>Elle passe, en effet. Elle vient de bien plus haut qu\u2019eux. Que leur malheur meure avec eux ! Je garderai la vie qu\u2019ils m\u2019ont donn\u00e9e et qui ne leur appartient pas.<\/p>\n<p>De m\u00eame de ce tr\u00e8s grand amour. Quelque chose m\u2019en vient par les pr\u00e9sences, les paroles, les gestes, les textes, ceux et celles-l\u00e0 qui me les donnent. Noms propres, y compris ceux de l\u2019\u00c9criture, y compris le premier. Mais ce qui s\u2019\u00e9veille en moi, en nous, ne leur appartient pas. Cela vient de plus haut et surgit, neuf, en chaque nouvelle naissance d\u2019homme.<\/p>\n<p>Mais ce n\u2019est rien d\u2019autre, absolument rien d\u2019autre que cet amour insaisissable et plus que fondateur dont je suis. Tout ce qui s\u2019ajoute soustrait.<\/p>\n<p><strong>\u00a0<\/strong><\/p>\n<p><strong>Maurice Bellet,?<\/strong><\/p>\n<p><strong><em>Sur l\u2019autre rive,<\/em>\u00a0Descl\u00e9e De Brouwer, 1994, pp. 43-44.<\/strong><\/p>\n","protected":false},"excerpt":{"rendered":"<p>L\u2019\u00c9vangile est pour nous dans l\u2019invention. Il est dans l\u2019interpr\u00e9tation actuelle de l\u2019actuel. Soutenue sans doute par le Souffle. Mais avan\u00e7ant hardiment dans le vide du pas-encore-dit. Les croyants sont devenus essentiellement craintifs. Pas en tout, bien s\u00fbr ; il y a parmi eux de grands courages. Mais ils sont craintifs \u00e0 la pointe de [&hellip;]<\/p>\n","protected":false},"author":2,"featured_media":0,"comment_status":"closed","ping_status":"closed","sticky":false,"template":"","format":"standard","meta":{"footnotes":""},"categories":[4,13,16],"tags":[62,654,1187],"class_list":["post-7178","post","type-post","status-publish","format-standard","hentry","category-iconographie","category-ecritures","category-jardins-de-la-bible","tag-amour","tag-maurice-bellet","tag-vie-eternelle"],"_links":{"self":[{"href":"https:\/\/www.associationdemarie.org\/blog\/wp-json\/wp\/v2\/posts\/7178","targetHints":{"allow":["GET"]}}],"collection":[{"href":"https:\/\/www.associationdemarie.org\/blog\/wp-json\/wp\/v2\/posts"}],"about":[{"href":"https:\/\/www.associationdemarie.org\/blog\/wp-json\/wp\/v2\/types\/post"}],"author":[{"embeddable":true,"href":"https:\/\/www.associationdemarie.org\/blog\/wp-json\/wp\/v2\/users\/2"}],"replies":[{"embeddable":true,"href":"https:\/\/www.associationdemarie.org\/blog\/wp-json\/wp\/v2\/comments?post=7178"}],"version-history":[{"count":0,"href":"https:\/\/www.associationdemarie.org\/blog\/wp-json\/wp\/v2\/posts\/7178\/revisions"}],"wp:attachment":[{"href":"https:\/\/www.associationdemarie.org\/blog\/wp-json\/wp\/v2\/media?parent=7178"}],"wp:term":[{"taxonomy":"category","embeddable":true,"href":"https:\/\/www.associationdemarie.org\/blog\/wp-json\/wp\/v2\/categories?post=7178"},{"taxonomy":"post_tag","embeddable":true,"href":"https:\/\/www.associationdemarie.org\/blog\/wp-json\/wp\/v2\/tags?post=7178"}],"curies":[{"name":"wp","href":"https:\/\/api.w.org\/{rel}","templated":true}]}}