{"id":716,"date":"2010-02-03T19:16:49","date_gmt":"2010-02-03T19:16:49","guid":{"rendered":"http:\/\/www.associationdemarie.com\/?p=716"},"modified":"2010-02-03T19:16:49","modified_gmt":"2010-02-03T19:16:49","slug":"mortalite-infantile","status":"publish","type":"post","link":"https:\/\/www.associationdemarie.org\/blog\/mortalite-infantile\/","title":{"rendered":"Mortalit\u00e9 infantile"},"content":{"rendered":"<p><!--StartFragment--><\/p>\n<p class=\"MsoNoSpacing\">\n<figure id=\"attachment_717\" aria-describedby=\"caption-attachment-717\" style=\"width: 300px\" class=\"wp-caption aligncenter\"><a href=\"https:\/\/www.associationdemarie.org\/blog\/wp-content\/uploads\/2010\/02\/mortalite-infantile.gif\"><img loading=\"lazy\" decoding=\"async\" class=\"size-medium wp-image-717\" title=\"mortalite-infantile\" src=\"https:\/\/www.associationdemarie.org\/blog\/wp-content\/uploads\/2010\/02\/mortalite-infantile-300x156.gif\" alt=\"La mortalit\u00e9 infantile dans le monde - source INED\" width=\"300\" height=\"156\" \/><\/a><figcaption id=\"caption-attachment-717\" class=\"wp-caption-text\">La mortalit\u00e9 infantile dans le monde - source INED<\/figcaption><\/figure>\n<p class=\"MsoNoSpacing\"><span>\u00ab\u00a0Mes enfants,<\/span><\/p>\n<p class=\"MsoNoSpacing\"><span>Je vous demande de prier, prier, prier pour tous les d\u00e9sh\u00e9rit\u00e9s de ce monde, pour toutes les souffrances qu\u2019endurent les peuples de la terre.<\/span><\/p>\n<p class=\"MsoNoSpacing\"><span>Mes enfants, vous devez vous unir dans le sacrifice pour autrui et apporter en chaque jour un peu de votre temps pour soulager toute cette souffrance.<\/span><\/p>\n<p class=\"MsoNoSpacing\"><span>Mes enfants, le P\u00e8re Eternel est \u00e0 vos c\u00f4t\u00e9s et souffre du manque d\u2019\u00e9coute des hommes, de l\u2019\u00e9go\u00efsme des gouvernements envers leur peuple. Cette souffrance, l\u2019homme en est seul responsable et n\u2019a pas le droit d\u2019impliquer Dieu dans ses propres erreurs, le monde tangue et les hommes s\u2019accrochent d\u00e9sesp\u00e9r\u00e9ment \u00e0 l\u2019artifice des gouvernants. Honte aux hommes qui se d\u00e9tournent du P\u00e8re Eternel pour rejoindre le repr\u00e9sentant des enfers de la souffrance et de l\u2019ignorance.\u00a0\u00bb<\/span><\/p>\n<p class=\"MsoNoSpacing\"><span>Marie M\u00e8re des hommes &#8211; sept. 2005<\/span><\/p>\n<p><!--EndFragment--><\/p>\n","protected":false},"excerpt":{"rendered":"<p>\u00ab\u00a0Mes enfants, Je vous demande de prier, prier, prier pour tous les d\u00e9sh\u00e9rit\u00e9s de ce monde, pour toutes les souffrances qu\u2019endurent les peuples de la terre. Mes enfants, vous devez vous unir dans le sacrifice pour autrui et apporter en chaque jour un peu de votre temps pour soulager toute cette souffrance. Mes enfants, le [&hellip;]<\/p>\n","protected":false},"author":2,"featured_media":0,"comment_status":"closed","ping_status":"closed","sticky":false,"template":"","format":"standard","meta":{"footnotes":""},"categories":[6,19],"tags":[340,397,504,792,917,997],"class_list":["post-716","post","type-post","status-publish","format-standard","hentry","category-burkina","category-messages","tag-egoisme","tag-faim","tag-intentions-de-priere","tag-pere","tag-sacrifice","tag-souffrance"],"_links":{"self":[{"href":"https:\/\/www.associationdemarie.org\/blog\/wp-json\/wp\/v2\/posts\/716","targetHints":{"allow":["GET"]}}],"collection":[{"href":"https:\/\/www.associationdemarie.org\/blog\/wp-json\/wp\/v2\/posts"}],"about":[{"href":"https:\/\/www.associationdemarie.org\/blog\/wp-json\/wp\/v2\/types\/post"}],"author":[{"embeddable":true,"href":"https:\/\/www.associationdemarie.org\/blog\/wp-json\/wp\/v2\/users\/2"}],"replies":[{"embeddable":true,"href":"https:\/\/www.associationdemarie.org\/blog\/wp-json\/wp\/v2\/comments?post=716"}],"version-history":[{"count":0,"href":"https:\/\/www.associationdemarie.org\/blog\/wp-json\/wp\/v2\/posts\/716\/revisions"}],"wp:attachment":[{"href":"https:\/\/www.associationdemarie.org\/blog\/wp-json\/wp\/v2\/media?parent=716"}],"wp:term":[{"taxonomy":"category","embeddable":true,"href":"https:\/\/www.associationdemarie.org\/blog\/wp-json\/wp\/v2\/categories?post=716"},{"taxonomy":"post_tag","embeddable":true,"href":"https:\/\/www.associationdemarie.org\/blog\/wp-json\/wp\/v2\/tags?post=716"}],"curies":[{"name":"wp","href":"https:\/\/api.w.org\/{rel}","templated":true}]}}