{"id":712,"date":"2010-01-28T21:28:53","date_gmt":"2010-01-28T21:28:53","guid":{"rendered":"http:\/\/www.associationdemarie.com\/?p=712"},"modified":"2010-01-28T21:28:53","modified_gmt":"2010-01-28T21:28:53","slug":"ouvrez-la-porte","status":"publish","type":"post","link":"https:\/\/www.associationdemarie.org\/blog\/ouvrez-la-porte\/","title":{"rendered":"Ouvrez la porte"},"content":{"rendered":"<p><a href=\"https:\/\/www.associationdemarie.org\/blog\/wp-content\/uploads\/2010\/01\/la-porte.jpg\"><img loading=\"lazy\" decoding=\"async\" class=\"alignleft size-medium wp-image-713\" title=\"la-porte\" src=\"https:\/\/www.associationdemarie.org\/blog\/wp-content\/uploads\/2010\/01\/la-porte-182x300.jpg\" alt=\"la-porte\" width=\"182\" height=\"300\" srcset=\"https:\/\/www.associationdemarie.org\/blog\/wp-content\/uploads\/2010\/01\/la-porte-182x300.jpg 182w, https:\/\/www.associationdemarie.org\/blog\/wp-content\/uploads\/2010\/01\/la-porte.jpg 478w\" sizes=\"auto, (max-width: 182px) 100vw, 182px\" \/><\/a>\u00ab\u00a0Mes enfants, aujourd\u2019hui vous arrivez \u00e0 une porte, cette porte, elle va s\u2019ouvrir. Il y aura une luminosit\u00e9. Cette luminosit\u00e9 correspond \u00e0 l\u2019avenir, \u00e0 l\u2019avenir bleut\u00e9, merveilleusement \u00e9clair\u00e9. Vous verrez des choses que vous n\u2019avez jamais vues, vous entendrez des choses que vous n\u2019avez jamais entendues, vous ressentirez des choses que vous n\u2019avez jamais ressenties. Je suis l\u00e0, je vous attends \u00e0 cette porte. Ouvrez-la, ouvrez-la et en peu de temps ma Maison s\u2019ouvrira et des chapelets de fleurs tomberont sur elle.\u00a0\u00bb<\/p>\n<p>Marie M\u00e8re des hommes &#8211; sept. 2009<\/p>\n","protected":false},"excerpt":{"rendered":"<p>\u00ab\u00a0Mes enfants, aujourd\u2019hui vous arrivez \u00e0 une porte, cette porte, elle va s\u2019ouvrir. Il y aura une luminosit\u00e9. Cette luminosit\u00e9 correspond \u00e0 l\u2019avenir, \u00e0 l\u2019avenir bleut\u00e9, merveilleusement \u00e9clair\u00e9. Vous verrez des choses que vous n\u2019avez jamais vues, vous entendrez des choses que vous n\u2019avez jamais entendues, vous ressentirez des choses que vous n\u2019avez jamais ressenties. [&hellip;]<\/p>\n","protected":false},"author":2,"featured_media":0,"comment_status":"closed","ping_status":"closed","sticky":false,"template":"","format":"standard","meta":{"footnotes":""},"categories":[19],"tags":[126,600,613,816],"class_list":["post-712","post","type-post","status-publish","format-standard","hentry","category-messages","tag-avenir","tag-lumiere","tag-maison","tag-porte"],"_links":{"self":[{"href":"https:\/\/www.associationdemarie.org\/blog\/wp-json\/wp\/v2\/posts\/712","targetHints":{"allow":["GET"]}}],"collection":[{"href":"https:\/\/www.associationdemarie.org\/blog\/wp-json\/wp\/v2\/posts"}],"about":[{"href":"https:\/\/www.associationdemarie.org\/blog\/wp-json\/wp\/v2\/types\/post"}],"author":[{"embeddable":true,"href":"https:\/\/www.associationdemarie.org\/blog\/wp-json\/wp\/v2\/users\/2"}],"replies":[{"embeddable":true,"href":"https:\/\/www.associationdemarie.org\/blog\/wp-json\/wp\/v2\/comments?post=712"}],"version-history":[{"count":0,"href":"https:\/\/www.associationdemarie.org\/blog\/wp-json\/wp\/v2\/posts\/712\/revisions"}],"wp:attachment":[{"href":"https:\/\/www.associationdemarie.org\/blog\/wp-json\/wp\/v2\/media?parent=712"}],"wp:term":[{"taxonomy":"category","embeddable":true,"href":"https:\/\/www.associationdemarie.org\/blog\/wp-json\/wp\/v2\/categories?post=712"},{"taxonomy":"post_tag","embeddable":true,"href":"https:\/\/www.associationdemarie.org\/blog\/wp-json\/wp\/v2\/tags?post=712"}],"curies":[{"name":"wp","href":"https:\/\/api.w.org\/{rel}","templated":true}]}}