{"id":7061,"date":"2013-02-27T12:53:48","date_gmt":"2013-02-27T12:53:48","guid":{"rendered":"http:\/\/preprod.meltem-int.com\/marie\/blog\/?p=7061"},"modified":"2021-07-10T14:51:56","modified_gmt":"2021-07-10T13:51:56","slug":"les-adieux-emouvants-du-pape-benoit-xvi","status":"publish","type":"post","link":"https:\/\/www.associationdemarie.org\/blog\/les-adieux-emouvants-du-pape-benoit-xvi\/","title":{"rendered":"Les adieux \u00e9mouvants du pape Beno\u00eet XVI"},"content":{"rendered":"<p><!--StartFragment--><\/p>\n<p><img loading=\"lazy\" decoding=\"async\" class=\"aligncenter wp-image-20539\" src=\"https:\/\/www.associationdemarie.org\/blog\/wp-content\/uploads\/2013\/02\/Des-fideles-catholiques-allument-bougies-dans-eglise-Philippines-Manille-10-fevrier-2016_0.jpg\" alt=\"\" width=\"412\" height=\"275\" srcset=\"https:\/\/www.associationdemarie.org\/blog\/wp-content\/uploads\/2013\/02\/Des-fideles-catholiques-allument-bougies-dans-eglise-Philippines-Manille-10-fevrier-2016_0.jpg 729w, https:\/\/www.associationdemarie.org\/blog\/wp-content\/uploads\/2013\/02\/Des-fideles-catholiques-allument-bougies-dans-eglise-Philippines-Manille-10-fevrier-2016_0-300x200.jpg 300w\" sizes=\"auto, (max-width: 412px) 100vw, 412px\" \/><\/p>\n<p><span style=\"font-family: 'Lucida Grande';\">Un Beno\u00eet XVI libre. Comme rarement dans son pontificat. Ne cachant pas son \u00e9motion. Et livrant son v\u00e9ritable testament spirituel, la veille de son d\u00e9part, mercredi devant une place Saint-Pierre noire de monde pour sa derni\u00e8re audience g\u00e9n\u00e9rale.<\/span><\/p>\n<p>Il a surtout remerci\u00e9 pour ces presque huit ann\u00e9es de pontificat, confiant ressentir \u00aben ce moment, en moi, une grande confiance, parce que je sais, nous savons tous que la parole de v\u00e9rit\u00e9 de l&rsquo;\u00c9vangile est la force de l&rsquo;\u00c9vangile et la force de l&rsquo;\u00c9glise, elle est sa vie\u00bb. Une \u00abconfiance\u00bb donc, mot qu&rsquo;il a r\u00e9p\u00e9t\u00e9, qui \u00abest ma joie\u00bb.<\/p>\n<p>De fait, avec le sourire aux l\u00e8vres de celui qui estime avoir accompli sa mission, Beno\u00eet XVI, bient\u00f4t 86 ans, a d\u00e9taill\u00e9 les grandes \u00e9tapes de son pontificat. S&rsquo;adressant directement au Christ, il est revenu au jour de son \u00e9lection, le 19 avril 2005: \u00ab Seigneur, que me demandes-tu ? Ce que tu me poses sur les \u00e9paules est un grand poids, mais si Tu me le demandes, je jetterais les filets, s\u00fbr que tu me guideras. \u00bb Il continue: \u00ab Et le Seigneur m&rsquo;a vraiment guid\u00e9, il m&rsquo;a \u00e9t\u00e9 proche, et j&rsquo;ai pu sentir quotidiennement sa pr\u00e9sence. \u00bb<\/p>\n<p><!--EndFragment--><\/p>\n","protected":false},"excerpt":{"rendered":"<p>Un Beno\u00eet XVI libre. Comme rarement dans son pontificat. Ne cachant pas son \u00e9motion. Et livrant son v\u00e9ritable testament spirituel, la veille de son d\u00e9part, mercredi devant une place Saint-Pierre noire de monde pour sa derni\u00e8re audience g\u00e9n\u00e9rale. Il a surtout remerci\u00e9 pour ces presque huit ann\u00e9es de pontificat, confiant ressentir \u00aben ce moment, en [&hellip;]<\/p>\n","protected":false},"author":2,"featured_media":0,"comment_status":"closed","ping_status":"closed","sticky":false,"template":"","format":"standard","meta":{"footnotes":""},"categories":[2],"tags":[39,142,336],"class_list":["post-7061","post","type-post","status-publish","format-standard","hentry","category-actualites","tag-actualite","tag-benoit-16","tag-eglise"],"_links":{"self":[{"href":"https:\/\/www.associationdemarie.org\/blog\/wp-json\/wp\/v2\/posts\/7061","targetHints":{"allow":["GET"]}}],"collection":[{"href":"https:\/\/www.associationdemarie.org\/blog\/wp-json\/wp\/v2\/posts"}],"about":[{"href":"https:\/\/www.associationdemarie.org\/blog\/wp-json\/wp\/v2\/types\/post"}],"author":[{"embeddable":true,"href":"https:\/\/www.associationdemarie.org\/blog\/wp-json\/wp\/v2\/users\/2"}],"replies":[{"embeddable":true,"href":"https:\/\/www.associationdemarie.org\/blog\/wp-json\/wp\/v2\/comments?post=7061"}],"version-history":[{"count":2,"href":"https:\/\/www.associationdemarie.org\/blog\/wp-json\/wp\/v2\/posts\/7061\/revisions"}],"predecessor-version":[{"id":20540,"href":"https:\/\/www.associationdemarie.org\/blog\/wp-json\/wp\/v2\/posts\/7061\/revisions\/20540"}],"wp:attachment":[{"href":"https:\/\/www.associationdemarie.org\/blog\/wp-json\/wp\/v2\/media?parent=7061"}],"wp:term":[{"taxonomy":"category","embeddable":true,"href":"https:\/\/www.associationdemarie.org\/blog\/wp-json\/wp\/v2\/categories?post=7061"},{"taxonomy":"post_tag","embeddable":true,"href":"https:\/\/www.associationdemarie.org\/blog\/wp-json\/wp\/v2\/tags?post=7061"}],"curies":[{"name":"wp","href":"https:\/\/api.w.org\/{rel}","templated":true}]}}