{"id":705,"date":"2010-01-18T18:24:22","date_gmt":"2010-01-18T18:24:22","guid":{"rendered":"http:\/\/www.associationdemarie.com\/?p=705"},"modified":"2010-01-18T18:24:22","modified_gmt":"2010-01-18T18:24:22","slug":"semaine-de-priere-pour-lunite-des-chretiens","status":"publish","type":"post","link":"https:\/\/www.associationdemarie.org\/blog\/semaine-de-priere-pour-lunite-des-chretiens\/","title":{"rendered":"Semaine de pri\u00e8re pour l&rsquo;unit\u00e9 des Chr\u00e9tiens"},"content":{"rendered":"<p><!--StartFragment--><\/p>\n<p class=\"MsoNoSpacing\"><span><a href=\"https:\/\/www.associationdemarie.org\/blog\/wp-content\/uploads\/2010\/01\/unite_2010.jpg\"><img loading=\"lazy\" decoding=\"async\" class=\"alignleft size-medium wp-image-706\" title=\"unite_2010\" src=\"https:\/\/www.associationdemarie.org\/blog\/wp-content\/uploads\/2010\/01\/unite_2010-198x300.jpg\" alt=\"unite_2010\" width=\"198\" height=\"300\" srcset=\"https:\/\/www.associationdemarie.org\/blog\/wp-content\/uploads\/2010\/01\/unite_2010-198x300.jpg 198w, https:\/\/www.associationdemarie.org\/blog\/wp-content\/uploads\/2010\/01\/unite_2010.jpg 264w\" sizes=\"auto, (max-width: 198px) 100vw, 198px\" \/><\/a>\u00ab\u00a0Mes enfants, je suis heureuse de vous voir rassembl\u00e9s, nombreux, croyants, fervents. Alors vous vous donnerez la main et vous avancerez ensemble pour que soit faite la Volont\u00e9 Divine, pour que soit faite l\u2019Union des hommes, l\u2019osmose des hommes avec leur P\u00e8re. Soyez ouverts, que votre c\u0153ur soit p\u00e9n\u00e9tr\u00e9 de cette eau sacr\u00e9e, celle qui coule dans tous les ruisseaux. Soyez impr\u00e9gn\u00e9s de cette eau pure, celle qui permet aux rivi\u00e8res de devenir fleuves, de devenir des mers. Cette eau qui vous permet de vivre et de faire vivre.\u00a0\u00bb<\/span><\/p>\n<p class=\"MsoNoSpacing\"><span>Marie M\u00e8re des hommes &#8211; mars 2009<\/span><\/p>\n<p><!--EndFragment--><\/p>\n","protected":false},"excerpt":{"rendered":"<p>\u00ab\u00a0Mes enfants, je suis heureuse de vous voir rassembl\u00e9s, nombreux, croyants, fervents. Alors vous vous donnerez la main et vous avancerez ensemble pour que soit faite la Volont\u00e9 Divine, pour que soit faite l\u2019Union des hommes, l\u2019osmose des hommes avec leur P\u00e8re. Soyez ouverts, que votre c\u0153ur soit p\u00e9n\u00e9tr\u00e9 de cette eau sacr\u00e9e, celle qui [&hellip;]<\/p>\n","protected":false},"author":2,"featured_media":0,"comment_status":"closed","ping_status":"closed","sticky":false,"template":"","format":"standard","meta":{"footnotes":""},"categories":[2,19],"tags":[218,326,746,830,1168],"class_list":["post-705","post","type-post","status-publish","format-standard","hentry","category-actualites","category-messages","tag-chretiens","tag-eaux","tag-osmose","tag-priere","tag-unite"],"_links":{"self":[{"href":"https:\/\/www.associationdemarie.org\/blog\/wp-json\/wp\/v2\/posts\/705","targetHints":{"allow":["GET"]}}],"collection":[{"href":"https:\/\/www.associationdemarie.org\/blog\/wp-json\/wp\/v2\/posts"}],"about":[{"href":"https:\/\/www.associationdemarie.org\/blog\/wp-json\/wp\/v2\/types\/post"}],"author":[{"embeddable":true,"href":"https:\/\/www.associationdemarie.org\/blog\/wp-json\/wp\/v2\/users\/2"}],"replies":[{"embeddable":true,"href":"https:\/\/www.associationdemarie.org\/blog\/wp-json\/wp\/v2\/comments?post=705"}],"version-history":[{"count":0,"href":"https:\/\/www.associationdemarie.org\/blog\/wp-json\/wp\/v2\/posts\/705\/revisions"}],"wp:attachment":[{"href":"https:\/\/www.associationdemarie.org\/blog\/wp-json\/wp\/v2\/media?parent=705"}],"wp:term":[{"taxonomy":"category","embeddable":true,"href":"https:\/\/www.associationdemarie.org\/blog\/wp-json\/wp\/v2\/categories?post=705"},{"taxonomy":"post_tag","embeddable":true,"href":"https:\/\/www.associationdemarie.org\/blog\/wp-json\/wp\/v2\/tags?post=705"}],"curies":[{"name":"wp","href":"https:\/\/api.w.org\/{rel}","templated":true}]}}