{"id":6942,"date":"2013-02-25T01:54:43","date_gmt":"2013-02-25T01:54:43","guid":{"rendered":"http:\/\/preprod.meltem-int.com\/marie\/blog\/?p=6942"},"modified":"2013-02-25T01:54:43","modified_gmt":"2013-02-25T01:54:43","slug":"evangile-de-jesus-christ-selon-saint-luc-636-38-2","status":"publish","type":"post","link":"https:\/\/www.associationdemarie.org\/blog\/evangile-de-jesus-christ-selon-saint-luc-636-38-2\/","title":{"rendered":"\u00c9vangile de J\u00e9sus Christ selon saint Luc 6,36-38."},"content":{"rendered":"<p style=\"text-align: center;\"><a href=\"https:\/\/www.associationdemarie.org\/blog\/wp-content\/uploads\/2013\/02\/christ-misericordieux.jpg\"><img loading=\"lazy\" decoding=\"async\" class=\"aligncenter  wp-image-6943\" title=\"Christ misericordieux\" src=\"https:\/\/www.associationdemarie.org\/blog\/wp-content\/uploads\/2013\/02\/christ-misericordieux.jpg\" alt=\"\" width=\"346\" height=\"477\" srcset=\"https:\/\/www.associationdemarie.org\/blog\/wp-content\/uploads\/2013\/02\/christ-misericordieux.jpg 494w, https:\/\/www.associationdemarie.org\/blog\/wp-content\/uploads\/2013\/02\/christ-misericordieux-217x300.jpg 217w\" sizes=\"auto, (max-width: 346px) 100vw, 346px\" \/><\/a><\/p>\n<p><a href=\"https:\/\/www.associationdemarie.org\/blog\/wp-content\/uploads\/2013\/02\/kk-letter-j-sky-1.jpg\"><img loading=\"lazy\" decoding=\"async\" class=\"alignleft  wp-image-6946\" title=\"kk-letter-j-sky-1\" src=\"https:\/\/www.associationdemarie.org\/blog\/wp-content\/uploads\/2013\/02\/kk-letter-j-sky-1-278x300.jpg\" alt=\"\" width=\"63\" height=\"68\" srcset=\"https:\/\/www.associationdemarie.org\/blog\/wp-content\/uploads\/2013\/02\/kk-letter-j-sky-1-278x300.jpg 278w, https:\/\/www.associationdemarie.org\/blog\/wp-content\/uploads\/2013\/02\/kk-letter-j-sky-1.jpg 928w\" sizes=\"auto, (max-width: 63px) 100vw, 63px\" \/><\/a>\u00e9sus disait \u00e0 la foule : \u00a0\u00bb Soyez mis\u00e9ricordieux comme votre P\u00e8re est mis\u00e9ricordieux.<br \/>\nNe jugez pas, et vous ne serez pas jug\u00e9s\u00a0; ne condamnez pas, et vous ne serez pas condamn\u00e9s. Pardonnez, et vous serez pardonn\u00e9s.<br \/>\nDonnez, et vous recevrez\u00a0: une mesure bien pleine, tass\u00e9e, secou\u00e9e, d\u00e9bordante, qui sera vers\u00e9e dans votre tablier\u00a0; car la mesure dont vous vous servez pour les autres servira aussi pour vous.\u00a0\u00bb<\/p>\n<p>&nbsp;<\/p>\n<p>&nbsp;<\/p>\n<p>&nbsp;<\/p>\n","protected":false},"excerpt":{"rendered":"<p>\u00e9sus disait \u00e0 la foule : \u00a0\u00bb Soyez mis\u00e9ricordieux comme votre P\u00e8re est mis\u00e9ricordieux. Ne jugez pas, et vous ne serez pas jug\u00e9s\u00a0; ne condamnez pas, et vous ne serez pas condamn\u00e9s. Pardonnez, et vous serez pardonn\u00e9s. Donnez, et vous recevrez\u00a0: une mesure bien pleine, tass\u00e9e, secou\u00e9e, d\u00e9bordante, qui sera vers\u00e9e dans votre tablier\u00a0; car [&hellip;]<\/p>\n","protected":false},"author":2,"featured_media":0,"comment_status":"closed","ping_status":"closed","sticky":false,"template":"","format":"standard","meta":{"footnotes":""},"categories":[3,11,13,28],"tags":[389,535,678,767,1055],"class_list":["post-6942","post","type-post","status-publish","format-standard","hentry","category-liturgique","category-careme-2013","category-ecritures","category-saints-et-saintes","tag-evangile","tag-jesus","tag-misericorde","tag-pardon","tag-st-luc"],"_links":{"self":[{"href":"https:\/\/www.associationdemarie.org\/blog\/wp-json\/wp\/v2\/posts\/6942","targetHints":{"allow":["GET"]}}],"collection":[{"href":"https:\/\/www.associationdemarie.org\/blog\/wp-json\/wp\/v2\/posts"}],"about":[{"href":"https:\/\/www.associationdemarie.org\/blog\/wp-json\/wp\/v2\/types\/post"}],"author":[{"embeddable":true,"href":"https:\/\/www.associationdemarie.org\/blog\/wp-json\/wp\/v2\/users\/2"}],"replies":[{"embeddable":true,"href":"https:\/\/www.associationdemarie.org\/blog\/wp-json\/wp\/v2\/comments?post=6942"}],"version-history":[{"count":0,"href":"https:\/\/www.associationdemarie.org\/blog\/wp-json\/wp\/v2\/posts\/6942\/revisions"}],"wp:attachment":[{"href":"https:\/\/www.associationdemarie.org\/blog\/wp-json\/wp\/v2\/media?parent=6942"}],"wp:term":[{"taxonomy":"category","embeddable":true,"href":"https:\/\/www.associationdemarie.org\/blog\/wp-json\/wp\/v2\/categories?post=6942"},{"taxonomy":"post_tag","embeddable":true,"href":"https:\/\/www.associationdemarie.org\/blog\/wp-json\/wp\/v2\/tags?post=6942"}],"curies":[{"name":"wp","href":"https:\/\/api.w.org\/{rel}","templated":true}]}}