{"id":6932,"date":"2013-02-21T01:25:49","date_gmt":"2013-02-21T01:25:49","guid":{"rendered":"http:\/\/preprod.meltem-int.com\/marie\/blog\/?p=6932"},"modified":"2013-02-21T01:25:49","modified_gmt":"2013-02-21T01:25:49","slug":"demandez-cherchez-frappez","status":"publish","type":"post","link":"https:\/\/www.associationdemarie.org\/blog\/demandez-cherchez-frappez\/","title":{"rendered":"\u00ab Demandez&#8230;, cherchez&#8230;, frappez&#8230; \u00bb"},"content":{"rendered":"<p style=\"text-align: center;\"><a href=\"https:\/\/www.associationdemarie.org\/blog\/wp-content\/uploads\/2013\/02\/en_priere.jpg\"><img loading=\"lazy\" decoding=\"async\" class=\"aligncenter  wp-image-6933\" title=\"en_priere\" src=\"https:\/\/www.associationdemarie.org\/blog\/wp-content\/uploads\/2013\/02\/en_priere.jpg\" alt=\"\" width=\"448\" height=\"322\" srcset=\"https:\/\/www.associationdemarie.org\/blog\/wp-content\/uploads\/2013\/02\/en_priere.jpg 640w, https:\/\/www.associationdemarie.org\/blog\/wp-content\/uploads\/2013\/02\/en_priere-300x215.jpg 300w\" sizes=\"auto, (max-width: 448px) 100vw, 448px\" \/><\/a><\/p>\n<p>Quand la pri\u00e8re s&rsquo;adresse \u00e0 un homme, elle doit d&rsquo;abord exprimer le d\u00e9sir et le besoin de celui qui prie. Elle a aussi pour but de fl\u00e9chir le c\u0153ur de celui que l&rsquo;on prie, jusqu&rsquo;\u00e0 le faire c\u00e9der. Or, ces deux choses n&rsquo;ont plus leur raison d&rsquo;\u00eatre quand la pri\u00e8re s&rsquo;adresse \u00e0 Dieu. En priant nous n&rsquo;avons pas \u00e0 nous inqui\u00e9ter de manifester nos d\u00e9sirs ou nos besoins \u00e0 Dieu : il conna\u00eet tout (Mt 6,8)&#8230; Si la pri\u00e8re est n\u00e9cessaire \u00e0 l&rsquo;homme pour obtenir les bienfaits de Dieu, c&rsquo;est qu&rsquo;elle exerce une influence sur celui qui prie, afin qu&rsquo;il consid\u00e8re ses propres pauvret\u00e9s et incline son \u00e2me \u00e0 d\u00e9sirer avec ferveur et dans un esprit filial ce qu&rsquo;il esp\u00e8re obtenir par la pri\u00e8re. Il se rend par l\u00e0 m\u00eame capable de le recevoir&#8230;<\/p>\n<p>Prier Dieu nous rend aussit\u00f4t familiers de Dieu, puisque notre \u00e2me s&rsquo;\u00e9l\u00e8ve vers lui, s&rsquo;entretient affectueusement avec lui, et l&rsquo;adore en esprit et en v\u00e9rit\u00e9 (Jn 4,23). Et ainsi, en cette amiti\u00e9 famili\u00e8re avec Dieu que produit la pri\u00e8re, s&rsquo;ouvre la voie pour une pri\u00e8re plus confiante encore. C&rsquo;est pourquoi il est dit dans un psaume : \u00ab J&rsquo;ai cri\u00e9, \u00bb c&rsquo;est-\u00e0-dire j&rsquo;ai pri\u00e9 avec confiance, \u00ab parce que tu m&rsquo;as exauc\u00e9, mon Dieu \u00bb (16,6). Re\u00e7u dans l&rsquo;intimit\u00e9 de Dieu par une premi\u00e8re pri\u00e8re, le psalmiste prie ensuite avec une plus grande confiance. Et c&rsquo;est pourquoi, dans la pri\u00e8re adress\u00e9e \u00e0 Dieu, l&rsquo;assiduit\u00e9 ou l&rsquo;insistance dans la demande n&rsquo;est pas importune. Au contraire, c&rsquo;est agr\u00e9able \u00e0 Dieu, car \u00ab il faut toujours prier, dit l&rsquo;\u00c9vangile, sans jamais se d\u00e9courager \u00bb (Lc 18,1). Et ailleurs le Seigneur nous invite \u00e0 demander : \u00ab Demandez et vous recevrez, dit-il, frappez et l&rsquo;on vous ouvrira \u00bb.<\/p>\n<p>Saint Thomas d&rsquo;Aquin (1225-1274), th\u00e9ologien dominicain, docteur de l&rsquo;\u00c9glise<br \/>\n<em>Compendium th\u00e9ologique, 2, 1 (trad. composite)<\/em><\/p>\n<p>&nbsp;<\/p>\n<p>&nbsp;<\/p>\n","protected":false},"excerpt":{"rendered":"<p>Quand la pri\u00e8re s&rsquo;adresse \u00e0 un homme, elle doit d&rsquo;abord exprimer le d\u00e9sir et le besoin de celui qui prie. Elle a aussi pour but de fl\u00e9chir le c\u0153ur de celui que l&rsquo;on prie, jusqu&rsquo;\u00e0 le faire c\u00e9der. Or, ces deux choses n&rsquo;ont plus leur raison d&rsquo;\u00eatre quand la pri\u00e8re s&rsquo;adresse \u00e0 Dieu. En priant [&hellip;]<\/p>\n","protected":false},"author":2,"featured_media":0,"comment_status":"closed","ping_status":"closed","sticky":false,"template":"","format":"standard","meta":{"footnotes":""},"categories":[3,13,27,28],"tags":[252,284,295,830,1082],"class_list":["post-6932","post","type-post","status-publish","format-standard","hentry","category-liturgique","category-ecritures","category-prieres","category-saints-et-saintes","tag-confiance","tag-demandes","tag-dieu","tag-priere","tag-st-thomas-daquin"],"_links":{"self":[{"href":"https:\/\/www.associationdemarie.org\/blog\/wp-json\/wp\/v2\/posts\/6932","targetHints":{"allow":["GET"]}}],"collection":[{"href":"https:\/\/www.associationdemarie.org\/blog\/wp-json\/wp\/v2\/posts"}],"about":[{"href":"https:\/\/www.associationdemarie.org\/blog\/wp-json\/wp\/v2\/types\/post"}],"author":[{"embeddable":true,"href":"https:\/\/www.associationdemarie.org\/blog\/wp-json\/wp\/v2\/users\/2"}],"replies":[{"embeddable":true,"href":"https:\/\/www.associationdemarie.org\/blog\/wp-json\/wp\/v2\/comments?post=6932"}],"version-history":[{"count":0,"href":"https:\/\/www.associationdemarie.org\/blog\/wp-json\/wp\/v2\/posts\/6932\/revisions"}],"wp:attachment":[{"href":"https:\/\/www.associationdemarie.org\/blog\/wp-json\/wp\/v2\/media?parent=6932"}],"wp:term":[{"taxonomy":"category","embeddable":true,"href":"https:\/\/www.associationdemarie.org\/blog\/wp-json\/wp\/v2\/categories?post=6932"},{"taxonomy":"post_tag","embeddable":true,"href":"https:\/\/www.associationdemarie.org\/blog\/wp-json\/wp\/v2\/tags?post=6932"}],"curies":[{"name":"wp","href":"https:\/\/api.w.org\/{rel}","templated":true}]}}