{"id":6897,"date":"2013-02-14T01:33:28","date_gmt":"2013-02-14T01:33:28","guid":{"rendered":"http:\/\/preprod.meltem-int.com\/marie\/blog\/?p=6897"},"modified":"2013-02-14T01:33:28","modified_gmt":"2013-02-14T01:33:28","slug":"une-sainte-catholique-et-apostolique","status":"publish","type":"post","link":"https:\/\/www.associationdemarie.org\/blog\/une-sainte-catholique-et-apostolique\/","title":{"rendered":"Une, sainte, catholique et apostolique&#8230;"},"content":{"rendered":"<p style=\"text-align: center;\"><a href=\"https:\/\/www.associationdemarie.org\/blog\/wp-content\/uploads\/2013\/01\/st-cle.jpg\"><img loading=\"lazy\" decoding=\"async\" class=\"aligncenter  wp-image-6898\" title=\"st-cle\" src=\"https:\/\/www.associationdemarie.org\/blog\/wp-content\/uploads\/2013\/01\/st-cle.jpg\" alt=\"\" width=\"462\" height=\"231\" srcset=\"https:\/\/www.associationdemarie.org\/blog\/wp-content\/uploads\/2013\/01\/st-cle.jpg 660w, https:\/\/www.associationdemarie.org\/blog\/wp-content\/uploads\/2013\/01\/st-cle-300x150.jpg 300w\" sizes=\"auto, (max-width: 462px) 100vw, 462px\" \/><\/a><\/p>\n<p>La caract\u00e9ristique que je d\u00e9sire particuli\u00e8rement souligner dans l&rsquo;action men\u00e9e par les ap\u00f4tres des Slaves, Cyrille et M\u00e9thode, c&rsquo;est leur mani\u00e8re pacifique d&rsquo;\u00e9difier l&rsquo;\u00c9glise, inspir\u00e9s qu&rsquo;ils \u00e9taient par leur conception de l&rsquo;\u00c9glise une, sainte et universelle&#8230; D\u00e8s leur \u00e9poque, les divergences entre Constantinople et Rome avaient commenc\u00e9 \u00e0 devenir des motifs de d\u00e9sunion, m\u00eame si la d\u00e9plorable scission entre les deux parties de la m\u00eame chr\u00e9tient\u00e9 ne devait se produire que plus tard&#8230; Il ne para\u00eet donc nullement anachronique de voir dans les saints Cyrille et M\u00e9thode les pr\u00e9curseurs authentiques de l&rsquo;\u0153cum\u00e9nisme, car ils ont voulu efficacement \u00e9liminer ou diminuer toutes les divisions v\u00e9ritables ou seulement apparentes entre les diverses communaut\u00e9s appartenant \u00e0 la m\u00eame \u00c9glise&#8230;<\/p>\n<p>La sollicitude fervente que les deux fr\u00e8res ont montr\u00e9e \u2014 et particuli\u00e8rement M\u00e9thode, en raison de sa responsabilit\u00e9 \u00e9piscopale \u2014 pour garder l&rsquo;unit\u00e9 de la foi et de l&rsquo;amour entre les \u00c9glises dont ils faisaient partie, c&rsquo;est-\u00e0-dire l&rsquo;\u00c9glise de Constantinople et l&rsquo;\u00c9glise romaine d&rsquo;une part, et les \u00c9glises naissantes en terre slave d&rsquo;autre part, a \u00e9t\u00e9 et restera toujours leur grand m\u00e9rite&#8230; Dans cette p\u00e9riode agit\u00e9e, marqu\u00e9e \u00e9galement par des conflits arm\u00e9s entre peuples chr\u00e9tiens voisins, les saints fr\u00e8res de Thessalonique ont gard\u00e9 une fid\u00e9lit\u00e9 ferme et tr\u00e8s vigilante \u00e0 la juste doctrine et \u00e0 la tradition de l&rsquo;\u00c9glise parfaitement unie&#8230; M\u00e9thode, en particulier, n&rsquo;h\u00e9sitait pas \u00e0 faire face aux incompr\u00e9hensions, aux oppositions et m\u00eame aux diffamations et aux pers\u00e9cutions physiques, plut\u00f4t que de manquer \u00e0 son loyalisme eccl\u00e9sial exemplaire&#8230; A cause de cela, il restera toujours un ma\u00eetre pour tous ceux qui, \u00e0 n&rsquo;importe quelle \u00e9poque, cherchent \u00e0 att\u00e9nuer les diff\u00e9rends en respectant la pl\u00e9nitude multiforme de l&rsquo;\u00c9glise qui, conform\u00e9ment \u00e0 la volont\u00e9 de son fondateur J\u00e9sus Christ, doit \u00eatre toujours une, sainte, catholique et apostolique.<\/p>\n<p>Bienheureux Jean-Paul II (1920-2005)<br \/>\n<em>Encyclique \u00ab Slavorum apostoli \u00bb, \u00a711, 14-15 (trad. \u00a9 copyright Libreria Editrice Vaticana)<\/em><\/p>\n<p>&nbsp;<\/p>\n<p>&nbsp;<\/p>\n","protected":false},"excerpt":{"rendered":"<p>La caract\u00e9ristique que je d\u00e9sire particuli\u00e8rement souligner dans l&rsquo;action men\u00e9e par les ap\u00f4tres des Slaves, Cyrille et M\u00e9thode, c&rsquo;est leur mani\u00e8re pacifique d&rsquo;\u00e9difier l&rsquo;\u00c9glise, inspir\u00e9s qu&rsquo;ils \u00e9taient par leur conception de l&rsquo;\u00c9glise une, sainte et universelle&#8230; D\u00e8s leur \u00e9poque, les divergences entre Constantinople et Rome avaient commenc\u00e9 \u00e0 devenir des motifs de d\u00e9sunion, m\u00eame si [&hellip;]<\/p>\n","protected":false},"author":2,"featured_media":0,"comment_status":"closed","ping_status":"closed","sticky":false,"template":"","format":"standard","meta":{"footnotes":""},"categories":[3,13,28],"tags":[82,158,189,336,729],"class_list":["post-6897","post","type-post","status-publish","format-standard","hentry","category-liturgique","category-ecritures","category-saints-et-saintes","tag-apostolique","tag-bienheureux-jean-paul-2","tag-catholique","tag-eglise","tag-oechumenisme"],"_links":{"self":[{"href":"https:\/\/www.associationdemarie.org\/blog\/wp-json\/wp\/v2\/posts\/6897","targetHints":{"allow":["GET"]}}],"collection":[{"href":"https:\/\/www.associationdemarie.org\/blog\/wp-json\/wp\/v2\/posts"}],"about":[{"href":"https:\/\/www.associationdemarie.org\/blog\/wp-json\/wp\/v2\/types\/post"}],"author":[{"embeddable":true,"href":"https:\/\/www.associationdemarie.org\/blog\/wp-json\/wp\/v2\/users\/2"}],"replies":[{"embeddable":true,"href":"https:\/\/www.associationdemarie.org\/blog\/wp-json\/wp\/v2\/comments?post=6897"}],"version-history":[{"count":0,"href":"https:\/\/www.associationdemarie.org\/blog\/wp-json\/wp\/v2\/posts\/6897\/revisions"}],"wp:attachment":[{"href":"https:\/\/www.associationdemarie.org\/blog\/wp-json\/wp\/v2\/media?parent=6897"}],"wp:term":[{"taxonomy":"category","embeddable":true,"href":"https:\/\/www.associationdemarie.org\/blog\/wp-json\/wp\/v2\/categories?post=6897"},{"taxonomy":"post_tag","embeddable":true,"href":"https:\/\/www.associationdemarie.org\/blog\/wp-json\/wp\/v2\/tags?post=6897"}],"curies":[{"name":"wp","href":"https:\/\/api.w.org\/{rel}","templated":true}]}}