{"id":6859,"date":"2013-02-07T01:29:07","date_gmt":"2013-02-07T01:29:07","guid":{"rendered":"http:\/\/preprod.meltem-int.com\/marie\/blog\/?p=6859"},"modified":"2013-02-07T01:29:07","modified_gmt":"2013-02-07T01:29:07","slug":"je-crois-en-leglise-apostolique","status":"publish","type":"post","link":"https:\/\/www.associationdemarie.org\/blog\/je-crois-en-leglise-apostolique\/","title":{"rendered":"\u00ab Je crois en l&rsquo;\u00c9glise&#8230;apostolique. \u00bb"},"content":{"rendered":"<p><a href=\"https:\/\/www.associationdemarie.org\/blog\/wp-content\/uploads\/2013\/01\/Evang\u00e9lisation.jpg\"><img loading=\"lazy\" decoding=\"async\" class=\" wp-image-6860 alignright\" title=\"Evang\u00e9lisation\" src=\"https:\/\/www.associationdemarie.org\/blog\/wp-content\/uploads\/2013\/01\/Evang\u00e9lisation-225x300.jpg\" alt=\"\" width=\"180\" height=\"240\" srcset=\"https:\/\/www.associationdemarie.org\/blog\/wp-content\/uploads\/2013\/01\/Evang\u00e9lisation-225x300.jpg 225w, https:\/\/www.associationdemarie.org\/blog\/wp-content\/uploads\/2013\/01\/Evang\u00e9lisation.jpg 375w\" sizes=\"auto, (max-width: 180px) 100vw, 180px\" \/><\/a>Par qui nous vient la foi qui d\u00e9coule des \u00c9critures ? Par qui, par quel interm\u00e9diaire, quand et \u00e0 qui la doctrine qui nous fait chr\u00e9tiens nous est-elle parvenue ?&#8230; Le Christ J\u00e9sus notre Seigneur&#8230;a d\u00e9clar\u00e9 lui-m\u00eame pendant son s\u00e9jour sur la terre qui il \u00e9tait, ce qu&rsquo;il avait \u00e9t\u00e9, quelles \u00e9taient les volont\u00e9s de son P\u00e8re dont il \u00e9tait charg\u00e9, quels devoirs il prescrivait aux hommes. J\u00e9sus a d\u00e9clar\u00e9 tout cela en public, devant le peuple, ou bien dans des entretiens priv\u00e9s avec ses disciples, parmi lesquels il en avait choisi douze pour vivre avec lui et ensuite pour enseigner les nations (Mc 3,14). L&rsquo;un d&rsquo;eux ayant \u00e9t\u00e9 destitu\u00e9, il a ordonn\u00e9 aux onze autres, au moment de retourner vers son P\u00e8re, d&rsquo;aller enseigner les nations et de les baptiser au nom du P\u00e8re, du Fils et du Saint Esprit (Mt 28,19). Les ap\u00f4tres \u2014 ce terme signifie \u00ab envoy\u00e9s \u00bb \u2014&#8230;ont tous re\u00e7u la force promise de l&rsquo;Esprit Saint qui leur a donn\u00e9 le don des miracles et des langues.<\/p>\n<p>Ils\u00a0ont \u00e9tabli la foi en J\u00e9sus Christ d&rsquo;abord en Jud\u00e9e et ils y ont institu\u00e9 des \u00e9glises, puis ils sont partis \u00e0 travers le monde et ont annonc\u00e9 aux nations la m\u00eame doctrine et la m\u00eame foi. Dans chaque ville ils ont fond\u00e9 des \u00e9glises, et d\u00e8s ce moment, toutes les autres \u00e9glises ont pris d&rsquo;elles la bouture de la foi et la semence de la doctrine et continuent jour apr\u00e8s jour \u00e0 s&rsquo;en alimenter pour devenir elles-m\u00eames des \u00e9glises. C&rsquo;est pourquoi elles sont regard\u00e9es comme apostoliques, en tant que rejetons des \u00e9glises fond\u00e9es par les ap\u00f4tres&#8230; Si nombreuses et si grandes qu&rsquo;elles soient \u00e0 pr\u00e9sent, ces \u00e9glises ne sont que cette primitive \u00c9glise des ap\u00f4tres dont toutes proc\u00e8dent. Elles sont toutes primitives, toutes apostoliques, puisque toutes sont une.<\/p>\n<p>Tertullien (v. 155-v. 220), th\u00e9ologien<br \/>\n<em>La Prescription contre les h\u00e9r\u00e9tiques, 19-21 ; SC 46 (trad cf SC p. 111s et br\u00e9viaire 03\/05)<\/em><\/p>\n<p><span style=\"color: #ffffff;\">.<\/span><\/p>\n<p><span style=\"color: #ffffff;\">.<\/span><\/p>\n","protected":false},"excerpt":{"rendered":"<p>Par qui nous vient la foi qui d\u00e9coule des \u00c9critures ? Par qui, par quel interm\u00e9diaire, quand et \u00e0 qui la doctrine qui nous fait chr\u00e9tiens nous est-elle parvenue ?&#8230; Le Christ J\u00e9sus notre Seigneur&#8230;a d\u00e9clar\u00e9 lui-m\u00eame pendant son s\u00e9jour sur la terre qui il \u00e9tait, ce qu&rsquo;il avait \u00e9t\u00e9, quelles \u00e9taient les volont\u00e9s de [&hellip;]<\/p>\n","protected":false},"author":2,"featured_media":0,"comment_status":"closed","ping_status":"closed","sticky":false,"template":"","format":"standard","meta":{"footnotes":""},"categories":[3,13,15,28],"tags":[83,220,1382,336,378,387],"class_list":["post-6859","post","type-post","status-publish","format-standard","hentry","category-liturgique","category-ecritures","category-histoire","category-saints-et-saintes","tag-apotre","tag-christ","tag-ecritures","tag-eglise","tag-esprit-saint","tag-evangelisation"],"_links":{"self":[{"href":"https:\/\/www.associationdemarie.org\/blog\/wp-json\/wp\/v2\/posts\/6859","targetHints":{"allow":["GET"]}}],"collection":[{"href":"https:\/\/www.associationdemarie.org\/blog\/wp-json\/wp\/v2\/posts"}],"about":[{"href":"https:\/\/www.associationdemarie.org\/blog\/wp-json\/wp\/v2\/types\/post"}],"author":[{"embeddable":true,"href":"https:\/\/www.associationdemarie.org\/blog\/wp-json\/wp\/v2\/users\/2"}],"replies":[{"embeddable":true,"href":"https:\/\/www.associationdemarie.org\/blog\/wp-json\/wp\/v2\/comments?post=6859"}],"version-history":[{"count":0,"href":"https:\/\/www.associationdemarie.org\/blog\/wp-json\/wp\/v2\/posts\/6859\/revisions"}],"wp:attachment":[{"href":"https:\/\/www.associationdemarie.org\/blog\/wp-json\/wp\/v2\/media?parent=6859"}],"wp:term":[{"taxonomy":"category","embeddable":true,"href":"https:\/\/www.associationdemarie.org\/blog\/wp-json\/wp\/v2\/categories?post=6859"},{"taxonomy":"post_tag","embeddable":true,"href":"https:\/\/www.associationdemarie.org\/blog\/wp-json\/wp\/v2\/tags?post=6859"}],"curies":[{"name":"wp","href":"https:\/\/api.w.org\/{rel}","templated":true}]}}