{"id":6855,"date":"2013-02-06T01:39:28","date_gmt":"2013-02-06T01:39:28","guid":{"rendered":"http:\/\/preprod.meltem-int.com\/marie\/blog\/?p=6855"},"modified":"2013-02-06T01:39:28","modified_gmt":"2013-02-06T01:39:28","slug":"il-setonna-de-leur-manque-de-foi","status":"publish","type":"post","link":"https:\/\/www.associationdemarie.org\/blog\/il-setonna-de-leur-manque-de-foi\/","title":{"rendered":"\u00ab Il s&rsquo;\u00e9tonna de leur manque de foi \u00bb"},"content":{"rendered":"<p><a href=\"https:\/\/www.associationdemarie.org\/blog\/wp-content\/uploads\/2013\/01\/La-beaut\u00e9-et-l\u2019importance-de-la-Parole-de-Dieu.jpg\"><img loading=\"lazy\" decoding=\"async\" class=\"aligncenter size-full wp-image-6856\" title=\"La-beaut\u00e9-et-l\u2019importance-de-la-Parole-de-Dieu\" src=\"https:\/\/www.associationdemarie.org\/blog\/wp-content\/uploads\/2013\/01\/La-beaut\u00e9-et-l\u2019importance-de-la-Parole-de-Dieu.jpg\" alt=\"\" width=\"450\" height=\"338\" srcset=\"https:\/\/www.associationdemarie.org\/blog\/wp-content\/uploads\/2013\/01\/La-beaut\u00e9-et-l\u2019importance-de-la-Parole-de-Dieu.jpg 450w, https:\/\/www.associationdemarie.org\/blog\/wp-content\/uploads\/2013\/01\/La-beaut\u00e9-et-l\u2019importance-de-la-Parole-de-Dieu-300x225.jpg 300w\" sizes=\"auto, (max-width: 450px) 100vw, 450px\" \/><\/a>Le P\u00e8re a envoy\u00e9 le Verbe, sa Parole, pour le manifester au monde. Il a \u00e9t\u00e9 m\u00e9pris\u00e9 par ses proches, mais \u00e0 la pr\u00e9dication des ap\u00f4tres, les nations pa\u00efennes ont cru en lui. Il \u00e9tait d\u00e8s le commencement (Jn 1,1), mais il s&rsquo;est manifest\u00e9 dans la nouveaut\u00e9 et ses disciples ont reconnu en lui l&rsquo;anciennet\u00e9.\u00a0Il rena\u00eet toujours nouveau dans le c\u0153ur des saints ; il est proclam\u00e9 Fils dans un \u00e9ternel aujourd&rsquo;hui (Ps 2,7).<br \/>\nPar lui, l&rsquo;\u00c9glise s&rsquo;enrichit d&rsquo;une gr\u00e2ce qui s&rsquo;\u00e9panouit et s&rsquo;accro\u00eet dans les saints : elle leur conf\u00e8re l&rsquo;intelligence spirituelle, elle leur d\u00e9voile les myst\u00e8res sacr\u00e9s et leur fait comprendre les signes des temps. L&rsquo;\u00c9glise est dans la joie \u00e0 cause des croyants ; elle s&rsquo;offre \u00e0 tous ceux qui la recherchent en respectant les engagements de la foi et les jalons pos\u00e9s par nos P\u00e8res. D\u00e9sormais, la crainte de la Loi inspire des chants de louange, la gr\u00e2ce annonc\u00e9e par les proph\u00e8tes est reconnue, la foi dans l&rsquo;\u00c9vangile est affermie, la tradition des ap\u00f4tres demeure intacte et la gr\u00e2ce de l&rsquo;\u00c9glise la fait danser de joie.<\/p>\n<p>Si tu ne chagrines pas cette gr\u00e2ce, tu conna\u00eetras les secrets que le Verbe r\u00e9v\u00e8le par qui il veut et quand il lui pla\u00eet&#8230; Approchez-vous donc et pr\u00eatez une oreille attentive ; alors vous saurez tout ce que Dieu confie \u00e0 ceux qui l&rsquo;aiment v\u00e9ritablement. Ils deviennent un jardin de d\u00e9lices ; en eux va grandir un arbre f\u00e9cond, \u00e0 la s\u00e8ve vigoureuse, ils seront combl\u00e9s des fruits les plus riches. C&rsquo;est l\u00e0 le terrain v\u00e9ritable o\u00f9 ont \u00e9t\u00e9 plant\u00e9s l&rsquo;arbre de la connaissance et l&rsquo;arbre de la vie (Gn 2,9)&#8230; Que ton c\u0153ur donc soit tout entier connaissance, et que le Verbe de v\u00e9rit\u00e9 devienne ta vie. Si cet arbre pousse en toi et si tu d\u00e9sires ardemment son fruit, tu r\u00e9colteras toujours les meilleurs dons de Dieu.<\/p>\n<p>La Lettre \u00e0 Diogn\u00e8te (v. 200)<br \/>\n<em>\u00a7 11-12 ; PG 2, 1183, SC 33 (trad. cf Orval et SC, p. 81)<\/em><\/p>\n<p><span style=\"color: #ffffff;\">.<\/span><\/p>\n<p><span style=\"color: #ffffff;\">.<\/span><\/p>\n","protected":false},"excerpt":{"rendered":"<p>Le P\u00e8re a envoy\u00e9 le Verbe, sa Parole, pour le manifester au monde. Il a \u00e9t\u00e9 m\u00e9pris\u00e9 par ses proches, mais \u00e0 la pr\u00e9dication des ap\u00f4tres, les nations pa\u00efennes ont cru en lui. Il \u00e9tait d\u00e8s le commencement (Jn 1,1), mais il s&rsquo;est manifest\u00e9 dans la nouveaut\u00e9 et ses disciples ont reconnu en lui l&rsquo;anciennet\u00e9.\u00a0Il [&hellip;]<\/p>\n","protected":false},"author":2,"featured_media":0,"comment_status":"closed","ping_status":"closed","sticky":false,"template":"","format":"standard","meta":{"footnotes":""},"categories":[3,13,28],"tags":[83,253,336,387,771,1179],"class_list":["post-6855","post","type-post","status-publish","format-standard","hentry","category-liturgique","category-ecritures","category-saints-et-saintes","tag-apotre","tag-connaissance","tag-eglise","tag-evangelisation","tag-parole-divine","tag-verbe"],"_links":{"self":[{"href":"https:\/\/www.associationdemarie.org\/blog\/wp-json\/wp\/v2\/posts\/6855","targetHints":{"allow":["GET"]}}],"collection":[{"href":"https:\/\/www.associationdemarie.org\/blog\/wp-json\/wp\/v2\/posts"}],"about":[{"href":"https:\/\/www.associationdemarie.org\/blog\/wp-json\/wp\/v2\/types\/post"}],"author":[{"embeddable":true,"href":"https:\/\/www.associationdemarie.org\/blog\/wp-json\/wp\/v2\/users\/2"}],"replies":[{"embeddable":true,"href":"https:\/\/www.associationdemarie.org\/blog\/wp-json\/wp\/v2\/comments?post=6855"}],"version-history":[{"count":0,"href":"https:\/\/www.associationdemarie.org\/blog\/wp-json\/wp\/v2\/posts\/6855\/revisions"}],"wp:attachment":[{"href":"https:\/\/www.associationdemarie.org\/blog\/wp-json\/wp\/v2\/media?parent=6855"}],"wp:term":[{"taxonomy":"category","embeddable":true,"href":"https:\/\/www.associationdemarie.org\/blog\/wp-json\/wp\/v2\/categories?post=6855"},{"taxonomy":"post_tag","embeddable":true,"href":"https:\/\/www.associationdemarie.org\/blog\/wp-json\/wp\/v2\/tags?post=6855"}],"curies":[{"name":"wp","href":"https:\/\/api.w.org\/{rel}","templated":true}]}}