{"id":6819,"date":"2013-02-03T01:26:59","date_gmt":"2013-02-03T01:26:59","guid":{"rendered":"http:\/\/preprod.meltem-int.com\/marie\/blog\/?p=6819"},"modified":"2013-02-03T01:26:59","modified_gmt":"2013-02-03T01:26:59","slug":"epices-et-aromates","status":"publish","type":"post","link":"https:\/\/www.associationdemarie.org\/blog\/epices-et-aromates\/","title":{"rendered":"Epices et aromates"},"content":{"rendered":"<p><a href=\"https:\/\/www.associationdemarie.org\/blog\/wp-content\/uploads\/2013\/01\/aromates-et-epices.jpg\"><img loading=\"lazy\" decoding=\"async\" class=\"aligncenter size-full wp-image-6820\" title=\"aromates-et-epices\" src=\"https:\/\/www.associationdemarie.org\/blog\/wp-content\/uploads\/2013\/01\/aromates-et-epices.jpg\" alt=\"\" width=\"500\" height=\"150\" srcset=\"https:\/\/www.associationdemarie.org\/blog\/wp-content\/uploads\/2013\/01\/aromates-et-epices.jpg 500w, https:\/\/www.associationdemarie.org\/blog\/wp-content\/uploads\/2013\/01\/aromates-et-epices-300x90.jpg 300w\" sizes=\"auto, (max-width: 500px) 100vw, 500px\" \/><\/a><\/p>\n<p><strong>Il y a une vingtaine de noms d\u2019herbes cit\u00e9s dans la Bible. Ce sont toutes les plantes \u00e0 partir des desquelles \u00e9tait produit l\u2019encens br\u00fbl\u00e9 sur l\u2019autel du Temple.<\/strong><\/p>\n<p><strong>Epices et aromates<\/strong><em><\/em><\/p>\n<p><em>Gen\u00e8se 37:25\u00a0<\/em>Ils s\u2019assirent ensuite pour manger. Ayant lev\u00e9 les yeux, ils virent une caravane d\u2019Isma\u00e9lites venant de Galaad; leurs chameaux \u00e9taient charg\u00e9s d\u2019 aromates, de baume et de myrrhe, qu\u2019ils transportaient en Egypte.<\/p>\n<p><em>Gen\u00e8se 43:11<\/em>\u00a0Isra\u00ebl, leur p\u00e8re, leur dit: Puisqu\u2019il le faut, faites ceci. Prenez dans vos sacs des meilleures productions du pays, pour en porter un pr\u00e9sent \u00e0 cet homme, un peu de baume et un peu de miel, des aromates, de la myrrhe, des pistaches et des amandes.<\/p>\n<p><em>Exode 30:34<\/em>\u00a0L\u2019Eternel dit \u00e0 Mo\u00efse: Prends des aromates, du stact\u00e9, de l\u2019ongle odorant, du galbanum, et de l\u2019encens pur, en parties \u00e9gales.<\/p>\n<p><em>2 Chroniques 16:14<\/em>\u00a0on l\u2019enterra dans le s\u00e9pulcre qu\u2019il s\u2019\u00e9tait creus\u00e9 dans la ville de David. On le coucha sur un lit qu\u2019on avait garni d\u2019aromates et de parfums pr\u00e9par\u00e9s selon l\u2019art du parfumeur, et l\u2019on en br\u00fbla en son honneur une quantit\u00e9 tr\u00e8s consid\u00e9rable.<\/p>\n<p><em>Esa\u00efe 57:9<\/em>\u00a0Tu vas aupr\u00e8s du roi avec de l\u2019huile, Tu multiplies tes aromates, Tu envoies au loin tes messagers, Tu t\u2019abaisses jusqu\u2019au s\u00e9jour des morts.<\/p>\n<p><em>Ez\u00e9kiel 27:22<\/em>\u00a0Les marchands de S\u00e9ba et de Raema trafiquaient avec toi; De tous les meilleurs aromates, De toute esp\u00e8ce de pierres pr\u00e9cieuses et d\u2019or, Ils pourvoyaient tes march\u00e9s.<\/p>\n<p><em>Marc 16:1<\/em>\u00a0Lorsque le sabbat fut pass\u00e9, Marie de Magdala, Marie, m\u00e8re de Jacques, et Salom\u00e9, achet\u00e8rent des aromates, afin d\u2019aller embaumer J\u00e9sus.<\/p>\n<p><em>Luc 24:1\u00a0<\/em>Le premier jour de la semaine, elles se rendirent au s\u00e9pulcre de grand matin, portant les aromates qu\u2019elles avaient pr\u00e9par\u00e9s.<\/p>\n<p><strong><a href=\"https:\/\/www.associationdemarie.org\/blog\/wp-content\/uploads\/2013\/02\/cumin.jpg\"><img loading=\"lazy\" decoding=\"async\" class=\"alignright  wp-image-6822\" title=\"cumin\" src=\"https:\/\/www.associationdemarie.org\/blog\/wp-content\/uploads\/2013\/02\/cumin-205x300.jpg\" alt=\"\" width=\"185\" height=\"270\" srcset=\"https:\/\/www.associationdemarie.org\/blog\/wp-content\/uploads\/2013\/02\/cumin-205x300.jpg 205w, https:\/\/www.associationdemarie.org\/blog\/wp-content\/uploads\/2013\/02\/cumin.jpg 229w\" sizes=\"auto, (max-width: 185px) 100vw, 185px\" \/><\/a>Cumin<\/strong><\/p>\n<p><em>Esa\u00efe 28:27<\/em>\u00a0On ne foule pas la nielle avec le tra\u00eeneau, Et la roue du chariot ne passe pas sur le cumin; Mais on bat la nielle avec le b\u00e2ton, Et le cumin avec la verge.<br \/>\n<em><\/em><\/p>\n<p><em>Matthieu 23:23<\/em>\u00a0Malheur \u00e0 vous, scribes et pharisiens hypocrites! parce que vous payez la d\u00eeme de la menthe, de l\u2019aneth et du cumin, et que vous laissez ce qui est plus important dans la loi, la justice, la mis\u00e9ricorde et la fid\u00e9lit\u00e9: c\u2019est l\u00e0 ce qu\u2019il fallait pratiquer, sans n\u00e9gliger les autres choses.<\/p>\n<p><strong>Menthe<\/strong><\/p>\n<p><em>Luc 11:42<\/em>\u00a0Mais malheur \u00e0 vous, pharisiens! parce que vous payez la d\u00eeme de la menthe, de la rue, et de toutes les herbes, et que vous n\u00e9gligez la justice et l\u2019amour de Dieu: c\u2019est l\u00e0 ce qu\u2019il fallait pratiquer, sans omettre les autres choses.<br \/>\n<strong><\/strong><\/p>\n<p><strong>Coriandre<\/strong><a href=\"http:\/\/www.toildepices.com\/fr\/plantes\/angio_dic\/apiacee\/coriadrum\/sativum.html\"><strong><br \/>\n<\/strong><\/a><\/p>\n<p><em>Exode 16:31<\/em>\u00a0La maison d\u2019Isra\u00ebl donna \u00e0 cette nourriture le nom de manne. Elle ressemblait \u00e0 de la graine de coriandre; elle \u00e9tait blanche, et avait le go\u00fbt d\u2019un g\u00e2teau au miel.<\/p>\n<p><em>Nombres 11:7<\/em>\u00a0La manne ressemblait \u00e0 de la graine de coriandre, et avait l\u2019apparence du bedellium.<\/p>\n<p><strong>Safran<\/strong><\/p>\n<p><em>Cantique 4:14<\/em>\u00a0Le nard et le safran, le roseau aromatique et le cinnamome, Avec tous les arbres qui donnent l\u2019encens; La myrrhe et l\u2019alo\u00e8s, Avec tous les principaux aromates;<\/p>\n<p><strong>Cinnamome (canelle)<\/strong><\/p>\n<p><em><a href=\"https:\/\/www.associationdemarie.org\/blog\/wp-content\/uploads\/2013\/02\/cannelle-grand.jpg\"><img loading=\"lazy\" decoding=\"async\" class=\"alignleft  wp-image-6824\" title=\"cannelle-grand\" src=\"https:\/\/www.associationdemarie.org\/blog\/wp-content\/uploads\/2013\/02\/cannelle-grand-266x300.jpg\" alt=\"\" width=\"130\" height=\"147\" srcset=\"https:\/\/www.associationdemarie.org\/blog\/wp-content\/uploads\/2013\/02\/cannelle-grand-266x300.jpg 266w, https:\/\/www.associationdemarie.org\/blog\/wp-content\/uploads\/2013\/02\/cannelle-grand.jpg 355w\" sizes=\"auto, (max-width: 130px) 100vw, 130px\" \/><\/a>Exode 30:23<\/em>\u00a0Prends des meilleurs aromates, cinq cents sicles de myrrhe, de celle qui coule d\u2019elle-m\u00eame; la moiti\u00e9, soit deux cent cinquante sicles, de cinnamome aromatique, deux cent cinquante sicles de roseau aromatique,<br \/>\n<em><\/em><\/p>\n<p><em>Cantique 4:14<\/em>\u00a0Le nard et le safran, le roseau aromatique et le cinnamome, Avec tous les arbres qui donnent l\u2019encens; La myrrhe et l\u2019alo\u00e8s, Avec tous les principaux aromates;<br \/>\n<em><\/em><\/p>\n<p><em>Apocalypse 18:13<\/em>\u00a0de cinnamome, d\u2019aromates, de parfums, de myrrhe, d\u2019encens, de vin, d\u2019huile, de fine farine, de bl\u00e9, de boeufs, de brebis, de chevaux, de chars, de corps et d\u2019\u00e2mes d\u2019hommes.<\/p>\n<p><strong>Roseau aromatique<\/strong><\/p>\n<p><em>Exode 30:23<\/em>\u00a0Prends des meilleurs aromates, cinq cents sicles de myrrhe, de celle qui coule d\u2019elle-m\u00eame; la moiti\u00e9, soit deux cent cinquante sicles, de cinnamome aromatique, deux cent cinquante sicles de roseau aromatique,<br \/>\n<em><\/em><\/p>\n<p><em>Cantique 4:14\u00a0<\/em>Le nard et le safran, le roseau aromatique et le cinnamome, Avec tous les arbres qui donnent l\u2019encens; La myrrhe et l\u2019alo\u00e8s, Avec tous les principaux aromates;<br \/>\n<em><\/em><\/p>\n<p><em>J\u00e9r\u00e9mie 6:20\u00a0<\/em>Qu\u2019ai-je besoin de l\u2019encens qui vient de S\u00e9ba, Du roseau aromatique d\u2019un pays lointain? Vos holocaustes ne me plaisent point, Et vos sacrifices ne me sont point agr\u00e9ables.<\/p>\n<p><strong>Casse<\/strong><\/p>\n<p><em>Exode 30:24\u00a0<\/em>cinq cents sicles de casse, selon le sicle du sanctuaire, et un hin d\u2019huile d\u2019olive.<br \/>\n<em>Psaumes 45:8 (45-9)<\/em>\u00a0La myrrhe, l\u2019alo\u00e8s et la casse parfument tous tes v\u00eatements; Dans les palais d\u2019ivoire les instruments \u00e0 cordes te r\u00e9jouissent.<\/p>\n<p><strong>Oignon et ail<\/strong><\/p>\n<p><em>Nombres 11:5<\/em>\u00a0Qui nous fera manger de la chair? Il nous souvient du poisson que nous mangions en \u00c9gypte pour rien, des concombres, et des melons, et des poireaux, et des oignons, et de l\u2019ail.<\/p>\n<p><span style=\"color: #ffffff;\"><a href=\"https:\/\/www.associationdemarie.org\/blog\/wp-content\/uploads\/2013\/02\/ail-1.bmp\"><img decoding=\"async\" class=\"aligncenter size-full wp-image-6828\" title=\"ail-1\" src=\"https:\/\/www.associationdemarie.org\/blog\/wp-content\/uploads\/2013\/02\/ail-1.bmp\" alt=\"\" \/><\/a>.<\/span><\/p>\n<p><span style=\"color: #ffffff;\">.<\/span><\/p>\n","protected":false},"excerpt":{"rendered":"<p>Il y a une vingtaine de noms d\u2019herbes cit\u00e9s dans la Bible. Ce sont toutes les plantes \u00e0 partir des desquelles \u00e9tait produit l\u2019encens br\u00fbl\u00e9 sur l\u2019autel du Temple. Epices et aromates Gen\u00e8se 37:25\u00a0Ils s\u2019assirent ensuite pour manger. Ayant lev\u00e9 les yeux, ils virent une caravane d\u2019Isma\u00e9lites venant de Galaad; leurs chameaux \u00e9taient charg\u00e9s d\u2019 [&hellip;]<\/p>\n","protected":false},"author":2,"featured_media":0,"comment_status":"closed","ping_status":"closed","sticky":false,"template":"","format":"standard","meta":{"footnotes":""},"categories":[16],"tags":[104,269,1382,365,517],"class_list":["post-6819","post","type-post","status-publish","format-standard","hentry","category-jardins-de-la-bible","tag-aromates","tag-creation","tag-ecritures","tag-epices","tag-jardin-de-la-bible"],"_links":{"self":[{"href":"https:\/\/www.associationdemarie.org\/blog\/wp-json\/wp\/v2\/posts\/6819","targetHints":{"allow":["GET"]}}],"collection":[{"href":"https:\/\/www.associationdemarie.org\/blog\/wp-json\/wp\/v2\/posts"}],"about":[{"href":"https:\/\/www.associationdemarie.org\/blog\/wp-json\/wp\/v2\/types\/post"}],"author":[{"embeddable":true,"href":"https:\/\/www.associationdemarie.org\/blog\/wp-json\/wp\/v2\/users\/2"}],"replies":[{"embeddable":true,"href":"https:\/\/www.associationdemarie.org\/blog\/wp-json\/wp\/v2\/comments?post=6819"}],"version-history":[{"count":0,"href":"https:\/\/www.associationdemarie.org\/blog\/wp-json\/wp\/v2\/posts\/6819\/revisions"}],"wp:attachment":[{"href":"https:\/\/www.associationdemarie.org\/blog\/wp-json\/wp\/v2\/media?parent=6819"}],"wp:term":[{"taxonomy":"category","embeddable":true,"href":"https:\/\/www.associationdemarie.org\/blog\/wp-json\/wp\/v2\/categories?post=6819"},{"taxonomy":"post_tag","embeddable":true,"href":"https:\/\/www.associationdemarie.org\/blog\/wp-json\/wp\/v2\/tags?post=6819"}],"curies":[{"name":"wp","href":"https:\/\/api.w.org\/{rel}","templated":true}]}}