{"id":6757,"date":"2013-01-25T01:41:36","date_gmt":"2013-01-25T01:41:36","guid":{"rendered":"http:\/\/preprod.meltem-int.com\/marie\/blog\/?p=6757"},"modified":"2013-01-25T01:41:36","modified_gmt":"2013-01-25T01:41:36","slug":"conversion-de-saint-paul-fete","status":"publish","type":"post","link":"https:\/\/www.associationdemarie.org\/blog\/conversion-de-saint-paul-fete\/","title":{"rendered":"Conversion de Saint Paul &#8211; F\u00eate"},"content":{"rendered":"<p><a href=\"https:\/\/www.associationdemarie.org\/blog\/wp-content\/uploads\/2013\/01\/Conversione_di_San_Paolo_Apostolo_G.jpg\"><img loading=\"lazy\" decoding=\"async\" class=\"alignright  wp-image-6758\" title=\"Conversione_di_San_Paolo_Apostolo_G\" src=\"https:\/\/www.associationdemarie.org\/blog\/wp-content\/uploads\/2013\/01\/Conversione_di_San_Paolo_Apostolo_G-300x243.jpg\" alt=\"\" width=\"240\" height=\"194\" srcset=\"https:\/\/www.associationdemarie.org\/blog\/wp-content\/uploads\/2013\/01\/Conversione_di_San_Paolo_Apostolo_G-300x243.jpg 300w, https:\/\/www.associationdemarie.org\/blog\/wp-content\/uploads\/2013\/01\/Conversione_di_San_Paolo_Apostolo_G.jpg 641w\" sizes=\"auto, (max-width: 240px) 100vw, 240px\" \/><\/a>Paul\u00a0\u00e9tait Juif, de la tribu de Benjamin ; il naquit \u00e0 Tarse, en Cilicie, dont les habitants \u00e9taient consid\u00e9r\u00e9s comme citoyens romains. Son attachement aux traditions de ses p\u00e8res, sa haine contre les chr\u00e9tiens, sa pr\u00e9sence au supplice de saint \u00c9tienne, son acharnement \u00e0 poursuivre les disciples de J\u00e9sus-Christ, \u00e0 les tra\u00eener en prison, \u00e0 les battre, ont pouss\u00e9 les interpr\u00e8tes de l&rsquo;\u00c9criture \u00e0 voir en lui la r\u00e9alisation de la proph\u00e9tie de Jacob, concernant son fils Benjamin : \u00ab\u00a0<em>Benjamin est un loup ravisseur.<\/em>\u00bb Mais une hymne chr\u00e9tienne a heureusement compl\u00e9t\u00e9 l&rsquo;application de la proph\u00e9tie, en disant : \u00ab\u00a0<em>Le loup ravisseur s&rsquo;est chang\u00e9 en agneau.\u00a0<\/em>\u00bb<\/p>\n<p>Saul (c&rsquo;\u00e9tait le premier nom du grand Ap\u00f4tre) approchait de Damas, o\u00f9 il allait pers\u00e9cuter les chr\u00e9tiens, accompagn\u00e9 de soldats et d&rsquo;\u00e9missaires de la synagogue de J\u00e9rusalem, quand tout \u00e0 coup il fut renvers\u00e9 \u00e0 terre par une force invisible. Une \u00e9blouissante clart\u00e9 l&rsquo;environna et une voix lui dit : \u00ab\u00a0<em>Saul, pourquoi me pers\u00e9cutes-tu ?<\/em>\u00a0&#8211;\u00a0<em>Qui es-tu, Seigneur ?<\/em>\u00a0&#8212;<em>Je suis J\u00e9sus, que tu pers\u00e9cutes.<\/em>\u00a0&#8212;\u00a0<em>Seigneur, que veux-tu que je fasse ?<\/em>\u00a0&#8212;\u00a0<em>L\u00e8ve-toi, entre dans la ville, et l\u00e0 tu apprendras ce que tu dois faire.<\/em>\u00a0\u00bb Saul \u00e9tait devenu aveugle ; ses compagnons le conduisirent \u00e0 Damas. Un serviteur de Dieu, nomm\u00e9 Ananias, averti en songe, alla le trouver, lui rendit la vue et lui conf\u00e9ra le bapt\u00eame.<\/p>\n<p>D\u00e8s lors, Saul, devenu Paul, n&rsquo;est pas seulement un converti, un chr\u00e9tien, c&rsquo;est un ap\u00f4tre, c&rsquo;est l&rsquo;Ap\u00f4tre par excellence, qui \u00e9tonnera le monde et fera l&rsquo;admiration des si\u00e8cles par ses \u00e9crits sublimes et inspir\u00e9s, par ses saintes audaces, ses travaux, les merveilles de son apostolat et la gloire de son martyre.<\/p>\n<p>Que de le\u00e7ons dans cette conversion \u00e9trange et foudroyante ! Nous y voyons la puissance toute divine de la gr\u00e2ce \u00e0 laquelle rien ne r\u00e9siste ; la sagesse de Dieu qui se pla\u00eet \u00e0 confondre la fausse sagesse du monde ; la mis\u00e9ricorde in\u00e9narrable du Seigneur, qui ne rebute personne et peut faire du plus grand des p\u00e9cheurs le plus insigne des saints. Ne d\u00e9sesp\u00e9rons jamais du salut de personne, tout est possible \u00e0 la pri\u00e8re et \u00e0 la gr\u00e2ce. Nous ne comprendrons bien qu&rsquo;au Ciel quelle a \u00e9t\u00e9 l&rsquo;influence de la pri\u00e8re dans le monde et combien de p\u00e9cheurs devront leur salut \u00e0 l&rsquo;intercession des justes. Saint Augustin a dit fort justement : \u00ab\u00a0<em>Si \u00c9tienne n&rsquo;avait pas pri\u00e9, nous n&rsquo;aurions pas saint Paul !<\/em>\u00a0\u00bb<\/p>\n<p><span style=\"color: #ffffff;\">.<\/span><\/p>\n","protected":false},"excerpt":{"rendered":"<p>Paul\u00a0\u00e9tait Juif, de la tribu de Benjamin ; il naquit \u00e0 Tarse, en Cilicie, dont les habitants \u00e9taient consid\u00e9r\u00e9s comme citoyens romains. Son attachement aux traditions de ses p\u00e8res, sa haine contre les chr\u00e9tiens, sa pr\u00e9sence au supplice de saint \u00c9tienne, son acharnement \u00e0 poursuivre les disciples de J\u00e9sus-Christ, \u00e0 les tra\u00eener en prison, \u00e0 [&hellip;]<\/p>\n","protected":false},"author":2,"featured_media":0,"comment_status":"closed","ping_status":"closed","sticky":false,"template":"","format":"standard","meta":{"footnotes":""},"categories":[3,4,13,15,28],"tags":[142,261,1068],"class_list":["post-6757","post","type-post","status-publish","format-standard","hentry","category-liturgique","category-iconographie","category-ecritures","category-histoire","category-saints-et-saintes","tag-benoit-16","tag-conversion","tag-st-paul"],"_links":{"self":[{"href":"https:\/\/www.associationdemarie.org\/blog\/wp-json\/wp\/v2\/posts\/6757","targetHints":{"allow":["GET"]}}],"collection":[{"href":"https:\/\/www.associationdemarie.org\/blog\/wp-json\/wp\/v2\/posts"}],"about":[{"href":"https:\/\/www.associationdemarie.org\/blog\/wp-json\/wp\/v2\/types\/post"}],"author":[{"embeddable":true,"href":"https:\/\/www.associationdemarie.org\/blog\/wp-json\/wp\/v2\/users\/2"}],"replies":[{"embeddable":true,"href":"https:\/\/www.associationdemarie.org\/blog\/wp-json\/wp\/v2\/comments?post=6757"}],"version-history":[{"count":0,"href":"https:\/\/www.associationdemarie.org\/blog\/wp-json\/wp\/v2\/posts\/6757\/revisions"}],"wp:attachment":[{"href":"https:\/\/www.associationdemarie.org\/blog\/wp-json\/wp\/v2\/media?parent=6757"}],"wp:term":[{"taxonomy":"category","embeddable":true,"href":"https:\/\/www.associationdemarie.org\/blog\/wp-json\/wp\/v2\/categories?post=6757"},{"taxonomy":"post_tag","embeddable":true,"href":"https:\/\/www.associationdemarie.org\/blog\/wp-json\/wp\/v2\/tags?post=6757"}],"curies":[{"name":"wp","href":"https:\/\/api.w.org\/{rel}","templated":true}]}}