{"id":6752,"date":"2013-01-10T01:48:55","date_gmt":"2013-01-10T01:48:55","guid":{"rendered":"http:\/\/preprod.meltem-int.com\/marie\/blog\/?p=6752"},"modified":"2013-01-10T01:48:55","modified_gmt":"2013-01-10T01:48:55","slug":"2013","status":"publish","type":"post","link":"https:\/\/www.associationdemarie.org\/blog\/2013\/","title":{"rendered":"2013"},"content":{"rendered":"<p><a href=\"https:\/\/www.associationdemarie.org\/blog\/wp-content\/uploads\/2013\/01\/Padre-Pio.jpg\"><img loading=\"lazy\" decoding=\"async\" class=\"alignleft size-medium wp-image-6753\" title=\"Padre Pio\" src=\"https:\/\/www.associationdemarie.org\/blog\/wp-content\/uploads\/2013\/01\/Padre-Pio-200x300.jpg\" alt=\"\" width=\"200\" height=\"300\" srcset=\"https:\/\/www.associationdemarie.org\/blog\/wp-content\/uploads\/2013\/01\/Padre-Pio-200x300.jpg 200w, https:\/\/www.associationdemarie.org\/blog\/wp-content\/uploads\/2013\/01\/Padre-Pio.jpg 468w\" sizes=\"auto, (max-width: 200px) 100vw, 200px\" \/><\/a>\u00ab\u00a0Mes fr\u00e8res, nous n&rsquo;avons encore rien fait jusqu&rsquo;\u00e0 maintenant : commen\u00e7ons donc d\u00e8s aujourd&rsquo;hui.\u00a0\u00bb<\/p>\n<p>C&rsquo;est \u00e0 lui-m\u00eame que St Fran\u00e7ois adressait cette exhortation, humblement : en ce d\u00e9but d&rsquo;ann\u00e9e, faisons-la n\u00f4tre. C&rsquo;est vrai, nous n&rsquo;avons encore rien fait, ou si peu ! Les ann\u00e9es se sont succ\u00e9d\u00e9 sans que nous ne nous soyons demand\u00e9 ce que nous avons pu en faire ; n&rsquo;y avait-il donc rien \u00e0 modifier, \u00e0 ajouter ou \u00e0 retrancher dans notre conduite ?<\/p>\n<p>Nous avons v\u00e9cu avec insouciance, comme si le jour ne devait jamais venir o\u00f9 le Juge \u00e9ternel nous rappellera \u00e0 Lui, et o\u00f9 nous devrons rendre compte de nos actions et de ce que nous aurons fait de notre temps.<\/p>\n<p>Et pourtant, c&rsquo;est de chaque minute qu&rsquo;il nous faudra tr\u00e8s pr\u00e9cis\u00e9ment rendre compte, de chaque gr\u00e2ce, de chaque inspiration de l&rsquo;Esprit, de chaque occasion de faire le bien qui se sera pr\u00e9sent\u00e9e. La plus l\u00e9g\u00e8re transgression de la Loi divine sera prise en consid\u00e9ration !<\/p>\n<p>Padre Pio da Pietrelcina, Tempo natalizio<\/p>\n<p><span style=\"color: #ffffff;\">.<\/span><\/p>\n<p><span style=\"color: #ffffff;\">.<\/span><\/p>\n","protected":false},"excerpt":{"rendered":"<p>\u00ab\u00a0Mes fr\u00e8res, nous n&rsquo;avons encore rien fait jusqu&rsquo;\u00e0 maintenant : commen\u00e7ons donc d\u00e8s aujourd&rsquo;hui.\u00a0\u00bb C&rsquo;est \u00e0 lui-m\u00eame que St Fran\u00e7ois adressait cette exhortation, humblement : en ce d\u00e9but d&rsquo;ann\u00e9e, faisons-la n\u00f4tre. C&rsquo;est vrai, nous n&rsquo;avons encore rien fait, ou si peu ! Les ann\u00e9es se sont succ\u00e9d\u00e9 sans que nous ne nous soyons demand\u00e9 ce [&hellip;]<\/p>\n","protected":false},"author":2,"featured_media":0,"comment_status":"closed","ping_status":"closed","sticky":false,"template":"","format":"standard","meta":{"footnotes":""},"categories":[1],"tags":[166,553,752,1029,1067],"class_list":["post-6752","post","type-post","status-publish","format-standard","hentry","category-non-classe","tag-bonne-annee","tag-jugement","tag-padre-pio","tag-st-francois","tag-st-padre-pio"],"_links":{"self":[{"href":"https:\/\/www.associationdemarie.org\/blog\/wp-json\/wp\/v2\/posts\/6752","targetHints":{"allow":["GET"]}}],"collection":[{"href":"https:\/\/www.associationdemarie.org\/blog\/wp-json\/wp\/v2\/posts"}],"about":[{"href":"https:\/\/www.associationdemarie.org\/blog\/wp-json\/wp\/v2\/types\/post"}],"author":[{"embeddable":true,"href":"https:\/\/www.associationdemarie.org\/blog\/wp-json\/wp\/v2\/users\/2"}],"replies":[{"embeddable":true,"href":"https:\/\/www.associationdemarie.org\/blog\/wp-json\/wp\/v2\/comments?post=6752"}],"version-history":[{"count":0,"href":"https:\/\/www.associationdemarie.org\/blog\/wp-json\/wp\/v2\/posts\/6752\/revisions"}],"wp:attachment":[{"href":"https:\/\/www.associationdemarie.org\/blog\/wp-json\/wp\/v2\/media?parent=6752"}],"wp:term":[{"taxonomy":"category","embeddable":true,"href":"https:\/\/www.associationdemarie.org\/blog\/wp-json\/wp\/v2\/categories?post=6752"},{"taxonomy":"post_tag","embeddable":true,"href":"https:\/\/www.associationdemarie.org\/blog\/wp-json\/wp\/v2\/tags?post=6752"}],"curies":[{"name":"wp","href":"https:\/\/api.w.org\/{rel}","templated":true}]}}