{"id":6699,"date":"2013-01-18T01:43:08","date_gmt":"2013-01-18T01:43:08","guid":{"rendered":"http:\/\/preprod.meltem-int.com\/marie\/blog\/?p=6699"},"modified":"2013-01-18T01:43:08","modified_gmt":"2013-01-18T01:43:08","slug":"ouverture-de-la-semaine-de-priere-pour-lunite-des-chretiens-18-25-janvier","status":"publish","type":"post","link":"https:\/\/www.associationdemarie.org\/blog\/ouverture-de-la-semaine-de-priere-pour-lunite-des-chretiens-18-25-janvier\/","title":{"rendered":"Ouverture de la Semaine de pri\u00e8re pour l&rsquo;unit\u00e9 des chr\u00e9tiens &#8211; 18-25 janvier"},"content":{"rendered":"<div>\n<figure id=\"attachment_6700\" aria-describedby=\"caption-attachment-6700\" style=\"width: 198px\" class=\"wp-caption alignright\"><a href=\"https:\/\/www.associationdemarie.org\/blog\/wp-content\/uploads\/2013\/01\/WOP2013fr.pdf\"><img loading=\"lazy\" decoding=\"async\" class=\"size-medium wp-image-6700 \" title=\"affiche-2013-unite-chretiens.gif\" src=\"https:\/\/www.associationdemarie.org\/blog\/wp-content\/uploads\/2013\/01\/affiche-2013-unite-chretiens.gif-198x300.png\" alt=\"\" width=\"198\" height=\"300\" srcset=\"https:\/\/www.associationdemarie.org\/blog\/wp-content\/uploads\/2013\/01\/affiche-2013-unite-chretiens.gif-198x300.png 198w, https:\/\/www.associationdemarie.org\/blog\/wp-content\/uploads\/2013\/01\/affiche-2013-unite-chretiens.gif.png 677w\" sizes=\"auto, (max-width: 198px) 100vw, 198px\" \/><\/a><figcaption id=\"caption-attachment-6700\" class=\"wp-caption-text\">Cliquez sur l&rsquo;image pour t\u00e9l\u00e9charger la plaquette des textes<\/figcaption><\/figure>\n<p><span style=\"font-family: verdana; font-size: medium;\"><strong>Semaine de pri\u00e8re pour l&rsquo;unit\u00e9 des chr\u00e9tiens<\/strong><\/span><\/div>\n<div>\n<p>Une fois par ann\u00e9e au moins, de nombreux chr\u00e9tiens prennent conscience qu&rsquo;il existe des mani\u00e8res tr\u00e8s diverses d&rsquo;adorer Dieu. Les coeurs sont ainsi touch\u00e9s et les gens constatent que les usages de leurs prochains ne sont pas si \u00e9tranges.<\/p>\n<p>La manifestation qui d\u00e9clenche cette prise de conscience porte le nom de Semaine pour l&rsquo;unit\u00e9 des chr\u00e9tiens.\u00a0C\u00e9l\u00e9br\u00e9e traditionnellement du 18 au 25 janvier (dans l&rsquo;h\u00e9misph\u00e8re nord) ou \u00e0 la Pentec\u00f4te (dans l&rsquo;h\u00e9misph\u00e8re sud), la Semaine de pri\u00e8re s&rsquo;int\u00e8gre dans la vie des paroisses du monde entier: on proc\u00e8de \u00e0 des \u00e9changes de chaires et on organise des cultes oecum\u00e9niques sp\u00e9ciaux.<\/p>\n<p>Les partenaires oecum\u00e9niques d&rsquo;une r\u00e9gion donn\u00e9e sont invit\u00e9s \u00e0 pr\u00e9parer un texte de base sur un th\u00e8me biblique. Il est ensuite examin\u00e9 par un groupe international de participants issus du COE (protestants et orthodoxes) et de l&rsquo;Eglise catholique romaine pour s&rsquo;assurer qu&rsquo;il est en relation avec la qu\u00eate de l&rsquo;unit\u00e9 de l&rsquo;Eglise.<\/p>\n<p>Ce texte est publi\u00e9 conjointement par le\u00a0<a title=\"Opens external link in new window\" href=\"http:\/\/www.vatican.va\/roman_curia\/pontifical_councils\/chrstuni\/index.htm\" target=\"_blank\"><strong>Conseil pontifical pour la promotion de l&rsquo;unit\u00e9 des chr\u00e9tiens<\/strong><\/a>\u00a0et le COE, par les soins de sa\u00a0<strong><a title=\"Opens external link in new window\" href=\"http:\/\/www.oikoumene.org\/fr\/programmes\/unite-mission-evangelisation-et-spiritualite\/spiritualite-et-culte\/fr\/qui-sommes-nous\/organisation-structure\/organes-consultatifs\/foi-et-constitution.html\" target=\"_self\">Commission de Foi et constitution<\/a><\/strong>\u00a0qui participe \u00e0 tout le processus de son \u00e9laboration. La version d\u00e9finitive est alors envoy\u00e9e aux Eglises membres et aux dioc\u00e8ses catholiques romains, qui sont invit\u00e9s \u00e0 le traduire et \u00e0 l&rsquo;adapter \u00e0 leurs contextes sp\u00e9cifiques pour en faire usage.<\/p>\n<\/div>\n<div id=\"c41040\">\n<div><span style=\"font-family: verdana; font-size: medium;\"><strong>Th\u00e8me pour 2013<\/strong><\/span><\/div>\n<div>\n<blockquote><p>Que nous demande le Seigneur?<\/p><\/blockquote>\n<div>\n<p>(cf. Mich\u00e9e 6, 6-8)<\/p>\n<p><span style=\"color: #ffffff;\">.<\/span><\/p>\n<p><span style=\"color: #ffffff;\">.<\/span><\/p>\n<\/div>\n<\/div>\n<\/div>\n","protected":false},"excerpt":{"rendered":"<p>Semaine de pri\u00e8re pour l&rsquo;unit\u00e9 des chr\u00e9tiens Une fois par ann\u00e9e au moins, de nombreux chr\u00e9tiens prennent conscience qu&rsquo;il existe des mani\u00e8res tr\u00e8s diverses d&rsquo;adorer Dieu. Les coeurs sont ainsi touch\u00e9s et les gens constatent que les usages de leurs prochains ne sont pas si \u00e9tranges. La manifestation qui d\u00e9clenche cette prise de conscience porte [&hellip;]<\/p>\n","protected":false},"author":2,"featured_media":0,"comment_status":"closed","ping_status":"closed","sticky":false,"template":"","format":"standard","meta":{"footnotes":""},"categories":[2,3,14],"tags":[218,1382,504,729,1169],"class_list":["post-6699","post","type-post","status-publish","format-standard","hentry","category-actualites","category-liturgique","category-groupe-prieres","tag-chretiens","tag-ecritures","tag-intentions-de-priere","tag-oechumenisme","tag-unite-des-chretiens"],"_links":{"self":[{"href":"https:\/\/www.associationdemarie.org\/blog\/wp-json\/wp\/v2\/posts\/6699","targetHints":{"allow":["GET"]}}],"collection":[{"href":"https:\/\/www.associationdemarie.org\/blog\/wp-json\/wp\/v2\/posts"}],"about":[{"href":"https:\/\/www.associationdemarie.org\/blog\/wp-json\/wp\/v2\/types\/post"}],"author":[{"embeddable":true,"href":"https:\/\/www.associationdemarie.org\/blog\/wp-json\/wp\/v2\/users\/2"}],"replies":[{"embeddable":true,"href":"https:\/\/www.associationdemarie.org\/blog\/wp-json\/wp\/v2\/comments?post=6699"}],"version-history":[{"count":0,"href":"https:\/\/www.associationdemarie.org\/blog\/wp-json\/wp\/v2\/posts\/6699\/revisions"}],"wp:attachment":[{"href":"https:\/\/www.associationdemarie.org\/blog\/wp-json\/wp\/v2\/media?parent=6699"}],"wp:term":[{"taxonomy":"category","embeddable":true,"href":"https:\/\/www.associationdemarie.org\/blog\/wp-json\/wp\/v2\/categories?post=6699"},{"taxonomy":"post_tag","embeddable":true,"href":"https:\/\/www.associationdemarie.org\/blog\/wp-json\/wp\/v2\/tags?post=6699"}],"curies":[{"name":"wp","href":"https:\/\/api.w.org\/{rel}","templated":true}]}}