{"id":6673,"date":"2013-01-14T01:44:18","date_gmt":"2013-01-14T01:44:18","guid":{"rendered":"http:\/\/preprod.meltem-int.com\/marie\/blog\/?p=6673"},"modified":"2013-01-14T01:44:18","modified_gmt":"2013-01-14T01:44:18","slug":"tous-ceux-qui-ont-ete-appeles-en-mon-nom","status":"publish","type":"post","link":"https:\/\/www.associationdemarie.org\/blog\/tous-ceux-qui-ont-ete-appeles-en-mon-nom\/","title":{"rendered":"\u00ab Tous ceux qui ont \u00e9t\u00e9 appel\u00e9s en mon nom. \u00bb"},"content":{"rendered":"<p style=\"text-align: justify;\"><a href=\"https:\/\/www.associationdemarie.org\/blog\/wp-content\/uploads\/2012\/12\/Jesus-appelle-ses-disciples.jpg\"><img loading=\"lazy\" decoding=\"async\" class=\"aligncenter  wp-image-6674\" title=\"Jesus-appelle-ses-disciples\" src=\"https:\/\/www.associationdemarie.org\/blog\/wp-content\/uploads\/2012\/12\/Jesus-appelle-ses-disciples.jpg\" alt=\"\" width=\"463\" height=\"228\" srcset=\"https:\/\/www.associationdemarie.org\/blog\/wp-content\/uploads\/2012\/12\/Jesus-appelle-ses-disciples.jpg 579w, https:\/\/www.associationdemarie.org\/blog\/wp-content\/uploads\/2012\/12\/Jesus-appelle-ses-disciples-300x147.jpg 300w\" sizes=\"auto, (max-width: 463px) 100vw, 463px\" \/><\/a><\/p>\n<p style=\"text-align: justify;\">Ce n&rsquo;\u00e9tait pas parce qu&rsquo;il avait besoin de notre service que le P\u00e8re nous a command\u00e9 de suivre le Verbe : c&rsquo;\u00e9tait pour nous assurer le salut. Car suivre le Sauveur, c&rsquo;est avoir part \u00e0 son salut, comme suivre la lumi\u00e8re, c&rsquo;est avoir part \u00e0 la lumi\u00e8re. Lorsque les hommes sont dans la lumi\u00e8re, ce ne sont pas eux qui font resplendir la lumi\u00e8re, mais ce sont eux qui sont illumin\u00e9s et rendus resplendissants par elle. Loin d&rsquo;apporter quoi que ce soit \u00e0 la lumi\u00e8re, ils en b\u00e9n\u00e9ficient et en sont illumin\u00e9s.<\/p>\n<p>Ainsi en va-t-il du service envers Dieu : il n&rsquo;apporte rien \u00e0 Dieu, car Dieu n&rsquo;a pas besoin du service des hommes. Mais \u00e0 ceux qui le servent et qui le suivent, Dieu assure la vie, une existence imp\u00e9rissable et la gloire \u00e9ternelle&#8230; Si Dieu, qui est bon et mis\u00e9ricordieux, sollicite le service des hommes, c&rsquo;est pour pouvoir lui accorder ses bienfaits \u00e0 ceux qui pers\u00e9v\u00e8rent dans son service. Car, si Dieu n&rsquo;a besoin de rien, l&rsquo;homme, lui, a besoin de la communion de Dieu. La gloire de l&rsquo;homme, c&rsquo;est qu&rsquo;il pers\u00e9v\u00e8re dans le service de Dieu.<\/p>\n<p>C&rsquo;est pourquoi le Seigneur disait \u00e0 ses ap\u00f4tres : \u00ab Ce n&rsquo;est pas vous qui m&rsquo;avez choisi : c&rsquo;est moi qui vous ai choisis \u00bb (Jn 15,16)&#8230; Il dit encore : \u00ab Je veux que l\u00e0 o\u00f9 je suis eux aussi soient avec moi, afin qu&rsquo;ils contemplent ma gloire \u00bb (Jn 17,24)&#8230; C&rsquo;est d&rsquo;eux que Dieu dit chez Isa\u00efe : \u00ab De l&rsquo;Orient je ram\u00e8nerai tes enfants, de l&rsquo;Occident je te rassemblerai&#8230; Ram\u00e8ne mes fils des pays lointains et mes filles des extr\u00e9mit\u00e9s de la terre, tous ceux qui ont \u00e9t\u00e9 appel\u00e9s en mon nom, car je les ai cr\u00e9\u00e9s\u00a0\u00a0pour ma gloire \u00bb (Is 43,6-7).<\/p>\n<p>Saint Ir\u00e9n\u00e9e de Lyon (v. 130-v. 208), \u00e9v\u00eaque, th\u00e9ologien et martyr<br \/>\n<em>Contre les h\u00e9r\u00e9sies, 4, 14 (trad. Cerf 1984, p. 446 rev.)<\/em><\/p>\n<p><span style=\"color: #ffffff;\">.<\/span><\/p>\n<p><span style=\"color: #ffffff;\">.<\/span><\/p>\n","protected":false},"excerpt":{"rendered":"<p>Ce n&rsquo;\u00e9tait pas parce qu&rsquo;il avait besoin de notre service que le P\u00e8re nous a command\u00e9 de suivre le Verbe : c&rsquo;\u00e9tait pour nous assurer le salut. Car suivre le Sauveur, c&rsquo;est avoir part \u00e0 son salut, comme suivre la lumi\u00e8re, c&rsquo;est avoir part \u00e0 la lumi\u00e8re. Lorsque les hommes sont dans la lumi\u00e8re, ce [&hellip;]<\/p>\n","protected":false},"author":2,"featured_media":0,"comment_status":"closed","ping_status":"closed","sticky":false,"template":"","format":"standard","meta":{"footnotes":""},"categories":[3,13,28],"tags":[305,1382,967,1039,1179],"class_list":["post-6673","post","type-post","status-publish","format-standard","hentry","category-liturgique","category-ecritures","category-saints-et-saintes","tag-disciples","tag-ecritures","tag-seigneur","tag-st-irenee","tag-verbe"],"_links":{"self":[{"href":"https:\/\/www.associationdemarie.org\/blog\/wp-json\/wp\/v2\/posts\/6673","targetHints":{"allow":["GET"]}}],"collection":[{"href":"https:\/\/www.associationdemarie.org\/blog\/wp-json\/wp\/v2\/posts"}],"about":[{"href":"https:\/\/www.associationdemarie.org\/blog\/wp-json\/wp\/v2\/types\/post"}],"author":[{"embeddable":true,"href":"https:\/\/www.associationdemarie.org\/blog\/wp-json\/wp\/v2\/users\/2"}],"replies":[{"embeddable":true,"href":"https:\/\/www.associationdemarie.org\/blog\/wp-json\/wp\/v2\/comments?post=6673"}],"version-history":[{"count":0,"href":"https:\/\/www.associationdemarie.org\/blog\/wp-json\/wp\/v2\/posts\/6673\/revisions"}],"wp:attachment":[{"href":"https:\/\/www.associationdemarie.org\/blog\/wp-json\/wp\/v2\/media?parent=6673"}],"wp:term":[{"taxonomy":"category","embeddable":true,"href":"https:\/\/www.associationdemarie.org\/blog\/wp-json\/wp\/v2\/categories?post=6673"},{"taxonomy":"post_tag","embeddable":true,"href":"https:\/\/www.associationdemarie.org\/blog\/wp-json\/wp\/v2\/tags?post=6673"}],"curies":[{"name":"wp","href":"https:\/\/api.w.org\/{rel}","templated":true}]}}