{"id":6663,"date":"2013-01-12T01:40:42","date_gmt":"2013-01-12T01:40:42","guid":{"rendered":"http:\/\/preprod.meltem-int.com\/marie\/blog\/?p=6663"},"modified":"2013-01-12T01:40:42","modified_gmt":"2013-01-12T01:40:42","slug":"cest-ma-joie-jen-suis-comble-lui-il-faut-quil-grandisse-et-moi-que-je-diminue","status":"publish","type":"post","link":"https:\/\/www.associationdemarie.org\/blog\/cest-ma-joie-jen-suis-comble-lui-il-faut-quil-grandisse-et-moi-que-je-diminue\/","title":{"rendered":"\u00ab C&rsquo;est ma joie ; j&rsquo;en suis combl\u00e9. Lui, il faut qu&rsquo;il grandisse et moi, que je diminue. \u00bb"},"content":{"rendered":"<p><a href=\"https:\/\/www.associationdemarie.org\/blog\/wp-content\/uploads\/2012\/12\/la-vierge-l-enfant-jesus-et-saint-jean-baptiste-andrea-sabbatini.jpg\"><img loading=\"lazy\" decoding=\"async\" class=\"aligncenter size-full wp-image-6664\" title=\"la-vierge--l-enfant-jesus-et-saint-jean-baptiste---andrea-sabbatini\" src=\"https:\/\/www.associationdemarie.org\/blog\/wp-content\/uploads\/2012\/12\/la-vierge-l-enfant-jesus-et-saint-jean-baptiste-andrea-sabbatini.jpg\" alt=\"\" width=\"400\" height=\"540\" srcset=\"https:\/\/www.associationdemarie.org\/blog\/wp-content\/uploads\/2012\/12\/la-vierge-l-enfant-jesus-et-saint-jean-baptiste-andrea-sabbatini.jpg 400w, https:\/\/www.associationdemarie.org\/blog\/wp-content\/uploads\/2012\/12\/la-vierge-l-enfant-jesus-et-saint-jean-baptiste-andrea-sabbatini-222x300.jpg 222w\" sizes=\"auto, (max-width: 400px) 100vw, 400px\" \/><\/a><\/p>\n<p>Jean a affirm\u00e9 ce que vous avez entendu, quand on lui a rapport\u00e9, pour exciter sa jalousie, que J\u00e9sus faisait beaucoup de disciples. Ses amis lui disent, comme s&rsquo;il \u00e9tait envieux : \u00ab Voil\u00e0 qu&rsquo;il fait plus de disciples que toi \u00bb. Mais Jean a reconnu ce qu&rsquo;il \u00e9tait ; et par l\u00e0, il a m\u00e9rit\u00e9 d&rsquo;\u00eatre uni au Christ, parce qu&rsquo;il n&rsquo;a pas os\u00e9 s&rsquo;attribuer ce qui \u00e9tait au Christ. Voici ce qu&rsquo;il dit : \u00ab Un homme ne peut rien s&rsquo;attribuer sauf ce qu&rsquo;il a re\u00e7u du Ciel \u00bb&#8230; Il ne tire pas sa joie de lui-m\u00eame. Celui qui veut trouver en lui-m\u00eame la cause de sa joie sera toujours triste ; mais celui qui veut trouver sa joie en Dieu sera toujours dans la joie, parce que Dieu est \u00e9ternel. Veux-tu avoir une joie \u00e9ternelle ? Attache-toi \u00e0 Celui qui est \u00e9ternel. C&rsquo;est ce qu&rsquo;a fait Jean.<\/p>\n<p>C&rsquo;est la voix de l&rsquo;\u00e9poux qui r\u00e9jouit l&rsquo;ami de l&rsquo;\u00e9poux, et non sa propre voix ; il se tient debout et il \u00e9coute&#8230; \u00ab C&rsquo;est ma joie, et j&rsquo;en suis combl\u00e9. J&rsquo;ai ma propre gr\u00e2ce, je ne souhaite rien de plus, de peur de perdre ce que j&rsquo;ai re\u00e7u. \u00bb Quelle est cette joie ? \u00ab Il est ravi de joie en entendant la voix de l&rsquo;\u00e9poux. \u00bb Que les hommes comprennent donc qu&rsquo;ils ne doivent pas se r\u00e9jouir de leur propre sagesse, mais de celle qu&rsquo;ils ont re\u00e7ue de Dieu. Que l&rsquo;on ne cherche pas autre chose, et on ne perdra pas ce que l&rsquo;on a trouv\u00e9&#8230; Jean a reconnu qu&rsquo;il a tout re\u00e7u ; il a dit qu&rsquo;il \u00e9tait joyeux \u00e0 cause de la voix de l&rsquo;\u00e9poux, et il a ajout\u00e9 : \u00ab Ma joie est maintenant parfaite \u00bb.<\/p>\n<p>Saint Augustin (354-430), \u00e9v\u00eaque d&rsquo;Hippone (Afrique du Nord) et docteur de l&rsquo;\u00c9glise<br \/>\n<em>Sermons sur l&rsquo;\u00e9vangile de Jean, n\u00b014, 1-3<\/em><\/p>\n<p><span style=\"color: #ffffff;\">.<\/span><\/p>\n<p><span style=\"color: #ffffff;\">.<\/span><\/p>\n","protected":false},"excerpt":{"rendered":"<p>Jean a affirm\u00e9 ce que vous avez entendu, quand on lui a rapport\u00e9, pour exciter sa jalousie, que J\u00e9sus faisait beaucoup de disciples. Ses amis lui disent, comme s&rsquo;il \u00e9tait envieux : \u00ab Voil\u00e0 qu&rsquo;il fait plus de disciples que toi \u00bb. Mais Jean a reconnu ce qu&rsquo;il \u00e9tait ; et par l\u00e0, il a [&hellip;]<\/p>\n","protected":false},"author":2,"featured_media":0,"comment_status":"closed","ping_status":"closed","sticky":false,"template":"","format":"standard","meta":{"footnotes":""},"categories":[3,4,13,28],"tags":[131,1382,535,1012,1042],"class_list":["post-6663","post","type-post","status-publish","format-standard","hentry","category-liturgique","category-iconographie","category-ecritures","category-saints-et-saintes","tag-bapteme","tag-ecritures","tag-jesus","tag-st-augustin","tag-st-jean-baptiste"],"_links":{"self":[{"href":"https:\/\/www.associationdemarie.org\/blog\/wp-json\/wp\/v2\/posts\/6663","targetHints":{"allow":["GET"]}}],"collection":[{"href":"https:\/\/www.associationdemarie.org\/blog\/wp-json\/wp\/v2\/posts"}],"about":[{"href":"https:\/\/www.associationdemarie.org\/blog\/wp-json\/wp\/v2\/types\/post"}],"author":[{"embeddable":true,"href":"https:\/\/www.associationdemarie.org\/blog\/wp-json\/wp\/v2\/users\/2"}],"replies":[{"embeddable":true,"href":"https:\/\/www.associationdemarie.org\/blog\/wp-json\/wp\/v2\/comments?post=6663"}],"version-history":[{"count":0,"href":"https:\/\/www.associationdemarie.org\/blog\/wp-json\/wp\/v2\/posts\/6663\/revisions"}],"wp:attachment":[{"href":"https:\/\/www.associationdemarie.org\/blog\/wp-json\/wp\/v2\/media?parent=6663"}],"wp:term":[{"taxonomy":"category","embeddable":true,"href":"https:\/\/www.associationdemarie.org\/blog\/wp-json\/wp\/v2\/categories?post=6663"},{"taxonomy":"post_tag","embeddable":true,"href":"https:\/\/www.associationdemarie.org\/blog\/wp-json\/wp\/v2\/tags?post=6663"}],"curies":[{"name":"wp","href":"https:\/\/api.w.org\/{rel}","templated":true}]}}