{"id":6620,"date":"2013-01-07T01:47:55","date_gmt":"2013-01-07T01:47:55","guid":{"rendered":"http:\/\/preprod.meltem-int.com\/marie\/blog\/?p=6620"},"modified":"2013-01-07T01:47:55","modified_gmt":"2013-01-07T01:47:55","slug":"sur-ceux-qui-habitaient-dans-le-pays-de-lombre-et-de-la-mort-une-lumiere-sest-levee","status":"publish","type":"post","link":"https:\/\/www.associationdemarie.org\/blog\/sur-ceux-qui-habitaient-dans-le-pays-de-lombre-et-de-la-mort-une-lumiere-sest-levee\/","title":{"rendered":"\u00ab Sur ceux qui habitaient dans le pays de l&rsquo;ombre et de la mort, une lumi\u00e8re s&rsquo;est lev\u00e9e. \u00bb"},"content":{"rendered":"<p style=\"text-align: center;\">\u00a0 <a href=\"https:\/\/www.associationdemarie.org\/blog\/wp-content\/uploads\/2012\/12\/5839cbc2.gif\"><img loading=\"lazy\" decoding=\"async\" class=\"aligncenter  wp-image-6621\" title=\"Epiphanie\" src=\"https:\/\/www.associationdemarie.org\/blog\/wp-content\/uploads\/2012\/12\/5839cbc2.gif\" alt=\"\" width=\"400\" height=\"317\" \/><\/a><\/p>\n<p>\u00a0 \u00a0 \u00a0 \u00a0Aujourd&rsquo;hui, Seigneur, tu t&rsquo;es manifest\u00e9 \u00e0 l&rsquo;univers, et ta lumi\u00e8re nous est apparue. C&rsquo;est pourquoi, devant cette r\u00e9v\u00e9lation, nous te chantons : Tu es venu, tu t&rsquo;es manifest\u00e9, toi la lumi\u00e8re inaccessible ! (1Tm 6,16)&#8230;<\/p>\n<p>Dans la Galil\u00e9e des nations, dans le pays de Zabulon, dans la terre de Nephtali, comme dit le proph\u00e8te, le Christ, grande lumi\u00e8re, a resplendi (Is 8,23-9,1) ; pour ceux qui \u00e9taient dans les t\u00e9n\u00e8bres une grande clart\u00e9 a brill\u00e9, jaillissant de Bethl\u00e9em. Le Seigneur n\u00e9 de Marie, le Soleil de justice, r\u00e9pand ses rayons sur l&rsquo;univers entier (Ml 3,20). Nous, les fils d&rsquo;Adam qui sommes nus, venons, rev\u00eatons-le pour nous r\u00e9chauffer. C&rsquo;est pour v\u00eatir ceux qui sont nus, illuminer ceux qui sont dans les t\u00e9n\u00e8bres, que tu t&rsquo;es manifest\u00e9, toi la lumi\u00e8re inaccessible.<\/p>\n<p>Dieu n&rsquo;a pas m\u00e9pris\u00e9 celui qui, par ruse, a \u00e9t\u00e9 d\u00e9pouill\u00e9 de ses v\u00eatements dans le Paradis et a perdu la robe tiss\u00e9e des mains de Dieu. Il revient vers lui et de sa voix sainte appelle celui qui lui a d\u00e9sob\u00e9i : \u00ab Adam, o\u00f9 es-tu ? (Gn 3,9) Cesse de te cacher de moi. Si nu, si pauvre que tu sois, je veux te voir. N&rsquo;aie pas peur, je me suis fait semblable \u00e0 toi. Tu d\u00e9sirais devenir dieu (Gn 3,5) et tu n&rsquo;as pas pu. Maintenant, parce que je l&rsquo;ai voulu, je me suis fait chair. Avance donc, reconnais-moi et dis : Tu es venu, tu t&rsquo;es manifest\u00e9, toi la lumi\u00e8re inaccessible \u00bb&#8230;<\/p>\n<p>Chante, chante, Adam ; adore celui qui vient \u00e0 toi. Alors que tu t&rsquo;\u00e9loignais, il s&rsquo;est manifest\u00e9 \u00e0 toi pour se faire voir, toucher, accueillir. Celui que tu avais craint quand tu as \u00e9t\u00e9 tromp\u00e9 par le d\u00e9mon, pour toi s&rsquo;est fait semblable \u00e0 toi. Il est descendu sur la terre pour te prendre aux cieux ; il est devenu mortel pour que toi tu deviennes Dieu et que tu recouvres ta premi\u00e8re beaut\u00e9. Voulant t&rsquo;ouvrir les portes de l&rsquo;\u00c9den, il a habit\u00e9 Nazareth. Pour tout cela, chante, homme, chante et loue celui qui s&rsquo;est manifest\u00e9 et qui a illumin\u00e9 tout univers.<\/p>\n<div>Saint Romanos le M\u00e9lode (?-v. 560), compositeur d&rsquo;hymnes<br \/>\n<em>Hymnes pour l&rsquo;\u00c9piphanie, I, 1-2 ; II, 3 (trad. Bouchet, Lectionnaire, p. 98 ; cf. SC 110, p. 237, 275)<\/em><\/div>\n<div><span style=\"color: #ffffff;\">.<\/span><\/div>\n<div><span style=\"color: #ffffff;\">.<\/span><\/div>\n","protected":false},"excerpt":{"rendered":"<p>\u00a0 \u00a0 \u00a0 \u00a0 \u00a0Aujourd&rsquo;hui, Seigneur, tu t&rsquo;es manifest\u00e9 \u00e0 l&rsquo;univers, et ta lumi\u00e8re nous est apparue. C&rsquo;est pourquoi, devant cette r\u00e9v\u00e9lation, nous te chantons : Tu es venu, tu t&rsquo;es manifest\u00e9, toi la lumi\u00e8re inaccessible ! (1Tm 6,16)&#8230; Dans la Galil\u00e9e des nations, dans le pays de Zabulon, dans la terre de Nephtali, comme [&hellip;]<\/p>\n","protected":false},"author":2,"featured_media":0,"comment_status":"closed","ping_status":"closed","sticky":false,"template":"","format":"standard","meta":{"footnotes":""},"categories":[3,13,28],"tags":[1382,334,366,535,710,1077],"class_list":["post-6620","post","type-post","status-publish","format-standard","hentry","category-liturgique","category-ecritures","category-saints-et-saintes","tag-ecritures","tag-eden","tag-epiphanie","tag-jesus","tag-nazareth","tag-st-romanos-le-melode"],"_links":{"self":[{"href":"https:\/\/www.associationdemarie.org\/blog\/wp-json\/wp\/v2\/posts\/6620","targetHints":{"allow":["GET"]}}],"collection":[{"href":"https:\/\/www.associationdemarie.org\/blog\/wp-json\/wp\/v2\/posts"}],"about":[{"href":"https:\/\/www.associationdemarie.org\/blog\/wp-json\/wp\/v2\/types\/post"}],"author":[{"embeddable":true,"href":"https:\/\/www.associationdemarie.org\/blog\/wp-json\/wp\/v2\/users\/2"}],"replies":[{"embeddable":true,"href":"https:\/\/www.associationdemarie.org\/blog\/wp-json\/wp\/v2\/comments?post=6620"}],"version-history":[{"count":0,"href":"https:\/\/www.associationdemarie.org\/blog\/wp-json\/wp\/v2\/posts\/6620\/revisions"}],"wp:attachment":[{"href":"https:\/\/www.associationdemarie.org\/blog\/wp-json\/wp\/v2\/media?parent=6620"}],"wp:term":[{"taxonomy":"category","embeddable":true,"href":"https:\/\/www.associationdemarie.org\/blog\/wp-json\/wp\/v2\/categories?post=6620"},{"taxonomy":"post_tag","embeddable":true,"href":"https:\/\/www.associationdemarie.org\/blog\/wp-json\/wp\/v2\/tags?post=6620"}],"curies":[{"name":"wp","href":"https:\/\/api.w.org\/{rel}","templated":true}]}}