{"id":6615,"date":"2013-01-06T00:31:54","date_gmt":"2013-01-06T00:31:54","guid":{"rendered":"http:\/\/preprod.meltem-int.com\/marie\/blog\/?p=6615"},"modified":"2013-01-06T00:31:54","modified_gmt":"2013-01-06T00:31:54","slug":"joyeuse-epiphanie","status":"publish","type":"post","link":"https:\/\/www.associationdemarie.org\/blog\/joyeuse-epiphanie\/","title":{"rendered":"Joyeuse Epiphanie"},"content":{"rendered":"<p><a href=\"https:\/\/www.associationdemarie.org\/blog\/wp-content\/uploads\/2012\/12\/Respice-Stellam.jpg\"><img loading=\"lazy\" decoding=\"async\" class=\"alignleft  wp-image-6616\" title=\"Respice Stellam\" src=\"https:\/\/www.associationdemarie.org\/blog\/wp-content\/uploads\/2012\/12\/Respice-Stellam.jpg\" alt=\"\" width=\"168\" height=\"275\" srcset=\"https:\/\/www.associationdemarie.org\/blog\/wp-content\/uploads\/2012\/12\/Respice-Stellam.jpg 300w, https:\/\/www.associationdemarie.org\/blog\/wp-content\/uploads\/2012\/12\/Respice-Stellam-183x300.jpg 183w\" sizes=\"auto, (max-width: 168px) 100vw, 168px\" \/><\/a>Encore une fois, nous ressentons en nous une profonde reconnaissance pour Marie, la M\u00e8re de J\u00e9sus. Elle est l&rsquo;image parfaite de l&rsquo;\u00c9glise qui donne au monde la lumi\u00e8re du Christ: elle est l&rsquo;Etoile de l&rsquo;\u00e9vang\u00e9lisation.\u00a0<em>Respice Stellam<\/em>, nous dit saint Bernard\u00a0:\u00a0<em>Regarde l&rsquo;Etoile<\/em>, toi qui cherches la v\u00e9rit\u00e9 et la paix\u00a0; tourne ton regard vers Marie et Elle te montrera J\u00e9sus, lumi\u00e8re pour chaque homme et pour tous les peuples.<\/p>\n<p>Bonne f\u00eate \u00e0 tous\u00a0!<\/p>\n<p style=\"text-align: left;\" align=\"center\"><em>Beno\u00eet XVI &#8211; Ang\u00e9lus\u00a0<\/em><\/p>\n","protected":false},"excerpt":{"rendered":"<p>Encore une fois, nous ressentons en nous une profonde reconnaissance pour Marie, la M\u00e8re de J\u00e9sus. Elle est l&rsquo;image parfaite de l&rsquo;\u00c9glise qui donne au monde la lumi\u00e8re du Christ: elle est l&rsquo;Etoile de l&rsquo;\u00e9vang\u00e9lisation.\u00a0Respice Stellam, nous dit saint Bernard\u00a0:\u00a0Regarde l&rsquo;Etoile, toi qui cherches la v\u00e9rit\u00e9 et la paix\u00a0; tourne ton regard vers Marie et [&hellip;]<\/p>\n","protected":false},"author":2,"featured_media":0,"comment_status":"closed","ping_status":"closed","sticky":false,"template":"","format":"standard","meta":{"footnotes":""},"categories":[3,13,17,26],"tags":[142,366,536,600,636,889],"class_list":["post-6615","post","type-post","status-publish","format-standard","hentry","category-liturgique","category-ecritures","category-maison-de-marie-dardouane","category-priere-des-ames","tag-benoit-16","tag-epiphanie","tag-jesus-christ","tag-lumiere","tag-marie","tag-respice-stellam"],"_links":{"self":[{"href":"https:\/\/www.associationdemarie.org\/blog\/wp-json\/wp\/v2\/posts\/6615","targetHints":{"allow":["GET"]}}],"collection":[{"href":"https:\/\/www.associationdemarie.org\/blog\/wp-json\/wp\/v2\/posts"}],"about":[{"href":"https:\/\/www.associationdemarie.org\/blog\/wp-json\/wp\/v2\/types\/post"}],"author":[{"embeddable":true,"href":"https:\/\/www.associationdemarie.org\/blog\/wp-json\/wp\/v2\/users\/2"}],"replies":[{"embeddable":true,"href":"https:\/\/www.associationdemarie.org\/blog\/wp-json\/wp\/v2\/comments?post=6615"}],"version-history":[{"count":0,"href":"https:\/\/www.associationdemarie.org\/blog\/wp-json\/wp\/v2\/posts\/6615\/revisions"}],"wp:attachment":[{"href":"https:\/\/www.associationdemarie.org\/blog\/wp-json\/wp\/v2\/media?parent=6615"}],"wp:term":[{"taxonomy":"category","embeddable":true,"href":"https:\/\/www.associationdemarie.org\/blog\/wp-json\/wp\/v2\/categories?post=6615"},{"taxonomy":"post_tag","embeddable":true,"href":"https:\/\/www.associationdemarie.org\/blog\/wp-json\/wp\/v2\/tags?post=6615"}],"curies":[{"name":"wp","href":"https:\/\/api.w.org\/{rel}","templated":true}]}}