{"id":661,"date":"2009-12-08T04:51:56","date_gmt":"2009-12-08T04:51:56","guid":{"rendered":"http:\/\/www.associationdemarie.com\/?p=661"},"modified":"2009-12-08T04:51:56","modified_gmt":"2009-12-08T04:51:56","slug":"fete-de-limmaculee-conception","status":"publish","type":"post","link":"https:\/\/www.associationdemarie.org\/blog\/fete-de-limmaculee-conception\/","title":{"rendered":"F\u00eate de l&rsquo;Immacul\u00e9e Conception"},"content":{"rendered":"<p style=\"text-indent: 27pt; text-align: justify; margin-top: 6px; margin-bottom: 6px;\"><em><a href=\"https:\/\/www.associationdemarie.org\/blog\/wp-content\/uploads\/2009\/12\/citb16immaculee.png\"><img loading=\"lazy\" decoding=\"async\" class=\"alignright size-medium wp-image-662\" title=\"citb16immaculee\" src=\"https:\/\/www.associationdemarie.org\/blog\/wp-content\/uploads\/2009\/12\/citb16immaculee-300x250.png\" alt=\"citb16immaculee\" width=\"300\" height=\"250\" srcset=\"https:\/\/www.associationdemarie.org\/blog\/wp-content\/uploads\/2009\/12\/citb16immaculee-300x250.png 300w, https:\/\/www.associationdemarie.org\/blog\/wp-content\/uploads\/2009\/12\/citb16immaculee.png 420w\" sizes=\"auto, (max-width: 300px) 100vw, 300px\" \/><\/a>Vous \u00eates toute belle, \u00f4 ma Bien-Aim\u00e9e\u00a0! et il n&rsquo;y a point de tache en vous\u00a0!&#8230;<\/em> Voici la f\u00eate privil\u00e9gi\u00e9e de Marie, celle qu&rsquo;elle aime entre toutes ses f\u00eates, celle qu&rsquo;elle veut voir c\u00e9l\u00e9brer par ses enfants avec le plus de ferveur et de z\u00e8le, et \u00e0 laquelle sont attach\u00e9es les plus pr\u00e9cieuses faveurs.<\/p>\n<p style=\"text-indent: 27pt; text-align: justify; margin-top: 6px; margin-bottom: 6px;\">Marie, devant porter dans son sein l&rsquo;Auteur m\u00eame de la saintet\u00e9, ne pouvait \u00eatre souill\u00e9e d&rsquo;aucune tache\u00a0; il ne convenait pas que le d\u00e9mon e\u00fbt quelque droit sur celle qui ne venait au monde que\u00a0<em>pour lui \u00e9craser la t\u00eate.<\/em> Non, jamais cet esprit impur n&rsquo;eut aucun pouvoir sur l&rsquo;auguste Vierge pr\u00e9destin\u00e9e pour \u00eatre la M\u00e8re de Dieu. Il ne lui fut point donn\u00e9 de si\u00e9ger, m\u00eame un instant, sur ce tr\u00f4ne \u00e9lev\u00e9 pour l&rsquo;adorable Trinit\u00e9\u00a0; jamais il n&rsquo;entra dans ce sanctuaire pr\u00e9par\u00e9 pour le Verbe fait chair, pour le R\u00e9dempteur du genre humain. Satan fut vaincu de nouveau, comme au jour de sa r\u00e9volte contre le Tout-Puissant, le jour o\u00f9 Marie a \u00e9t\u00e9\u00a0<em>con\u00e7ue sans p\u00e9ch\u00e9.<\/em><\/p>\n<p style=\"text-indent: 27pt; text-align: justify; margin-top: 6px; margin-bottom: 6px;\">La croyance \u00e0 l&rsquo;Immacul\u00e9e Conception, de tout temps autoris\u00e9e et approuv\u00e9e, a \u00e9t\u00e9 d\u00e9clar\u00e9e dogme de foi, et l&rsquo;\u00c9glise prodigue ses plus riches faveurs \u00e0 ceux qui l&rsquo;honorent.<\/p>\n<p style=\"text-align: center; font-weight: bold; font-style: italic;\"><a style=\"color: #000000;\" name=\"bulle\" href=\"http:\/\/missel.free.fr\/Sanctoral\/12\/08.php#sommaire\"><span style=\"color: #000000;\">Bulle \u201c\u00a0INEFFABILIS DEUS\u00a0\u201d<\/span><\/a><\/p>\n<p style=\"text-align: center; font-weight: bold; font-style: italic;\"><strong>PIE IX, le 8 d\u00e9cembre 1854<\/strong><\/p>\n<p style=\"text-indent: 27pt; text-align: justify; margin-top: 6px; margin-bottom: 6px;\"><em>&#8230; Nous d\u00e9clarons, pronon\u00e7ons et d\u00e9finissons que la doctrine, qui tient que la\u00a0<strong>bienheureuse Vierge Marie<\/strong> a \u00e9t\u00e9, au premier instant de sa conception, par une gr\u00e2ce et une faveur singuli\u00e8re du Dieu Tout-Puissant, en vue des m\u00e9rites de J\u00e9sus-Christ, Sauveur du genre humain,\u00a0<strong>pr\u00e9serv\u00e9e intacte de toute souillure du p\u00e9ch\u00e9 originel<\/strong>, est une doctrine r\u00e9v\u00e9l\u00e9e de Dieu, et qu&rsquo;ainsi elle doit \u00eatre crue fermement et constamment par tous les fid\u00e8les.<\/em><\/p>\n<p style=\"text-indent: 27pt; text-align: justify; margin-top: 6px; margin-bottom: 6px;\"><em>C&rsquo;est pourquoi, s&rsquo;il en \u00e9tait, ce qu&rsquo;\u00e0 Dieu ne plaise, qui eussent la pr\u00e9somption d&rsquo;avoir des sentiments contraires \u00e0 ce que nous venons de d\u00e9finir, qu&rsquo;ils sachent tr\u00e8s clairement qu&rsquo;ils se condamnent eux-m\u00eames par leur propre jugement, qu&rsquo;ils ont fait naufrage dans la foi et se sont s\u00e9par\u00e9s de l&rsquo;unit\u00e9 de l&rsquo;Eglise, et que, de plus, par le m\u00eame fait, ils encourent les peines port\u00e9es par le droit s&rsquo;ils osent manifester par parole, par \u00e9crit ou par quelque signe ext\u00e9rieur, ce qu&rsquo;ils pensent int\u00e9rieurement&#8230;<\/em><\/p>\n","protected":false},"excerpt":{"rendered":"<p>Vous \u00eates toute belle, \u00f4 ma Bien-Aim\u00e9e\u00a0! et il n&rsquo;y a point de tache en vous\u00a0!&#8230; Voici la f\u00eate privil\u00e9gi\u00e9e de Marie, celle qu&rsquo;elle aime entre toutes ses f\u00eates, celle qu&rsquo;elle veut voir c\u00e9l\u00e9brer par ses enfants avec le plus de ferveur et de z\u00e8le, et \u00e0 laquelle sont attach\u00e9es les plus pr\u00e9cieuses faveurs. Marie, [&hellip;]<\/p>\n","protected":false},"author":2,"featured_media":0,"comment_status":"closed","ping_status":"closed","sticky":false,"template":"","format":"standard","meta":{"footnotes":""},"categories":[2,3],"tags":[],"class_list":["post-661","post","type-post","status-publish","format-standard","hentry","category-actualites","category-liturgique"],"_links":{"self":[{"href":"https:\/\/www.associationdemarie.org\/blog\/wp-json\/wp\/v2\/posts\/661","targetHints":{"allow":["GET"]}}],"collection":[{"href":"https:\/\/www.associationdemarie.org\/blog\/wp-json\/wp\/v2\/posts"}],"about":[{"href":"https:\/\/www.associationdemarie.org\/blog\/wp-json\/wp\/v2\/types\/post"}],"author":[{"embeddable":true,"href":"https:\/\/www.associationdemarie.org\/blog\/wp-json\/wp\/v2\/users\/2"}],"replies":[{"embeddable":true,"href":"https:\/\/www.associationdemarie.org\/blog\/wp-json\/wp\/v2\/comments?post=661"}],"version-history":[{"count":0,"href":"https:\/\/www.associationdemarie.org\/blog\/wp-json\/wp\/v2\/posts\/661\/revisions"}],"wp:attachment":[{"href":"https:\/\/www.associationdemarie.org\/blog\/wp-json\/wp\/v2\/media?parent=661"}],"wp:term":[{"taxonomy":"category","embeddable":true,"href":"https:\/\/www.associationdemarie.org\/blog\/wp-json\/wp\/v2\/categories?post=661"},{"taxonomy":"post_tag","embeddable":true,"href":"https:\/\/www.associationdemarie.org\/blog\/wp-json\/wp\/v2\/tags?post=661"}],"curies":[{"name":"wp","href":"https:\/\/api.w.org\/{rel}","templated":true}]}}