{"id":6559,"date":"2012-12-30T01:39:20","date_gmt":"2012-12-30T01:39:20","guid":{"rendered":"http:\/\/preprod.meltem-int.com\/marie\/blog\/?p=6559"},"modified":"2012-12-30T01:39:20","modified_gmt":"2012-12-30T01:39:20","slug":"la-sainte-famille-de-jesus-marie-et-joseph","status":"publish","type":"post","link":"https:\/\/www.associationdemarie.org\/blog\/la-sainte-famille-de-jesus-marie-et-joseph\/","title":{"rendered":"La Sainte Famille de J\u00e9sus, Marie et Joseph"},"content":{"rendered":"<p><em>Chers fr\u00e8res et s\u0153urs\u00a0!<\/em><\/p>\n<p><a href=\"https:\/\/www.associationdemarie.org\/blog\/wp-content\/uploads\/2012\/12\/Sainte-Famille.jpg\"><img loading=\"lazy\" decoding=\"async\" class=\"alignright size-full wp-image-6560\" title=\"Sainte Famille\" src=\"https:\/\/www.associationdemarie.org\/blog\/wp-content\/uploads\/2012\/12\/Sainte-Famille.jpg\" alt=\"\" width=\"200\" height=\"250\" \/><\/a>C&rsquo;est aujourd&rsquo;hui le dimanche de la Sainte-Famille. Nous pouvons encore nous mettre \u00e0 la place des pasteurs de Bethl\u00e9em qui, ayant re\u00e7u l&rsquo;annonce de l&rsquo;ange, s&#8217;empress\u00e8rent d&rsquo;accourir \u00e0 la grotte et trouv\u00e8rent \u00ab\u00a0<em>Marie, Joseph et le nouveau-n\u00e9 couch\u00e9 dans la cr\u00e8che<\/em>\u00a0\u00bb (<em>Lc 2, 16<\/em>).<\/p>\n<p>Arr\u00eatons-nous nous aussi pour contempler cette sc\u00e8ne et r\u00e9fl\u00e9chissons sur sa signification. Les premiers t\u00e9moins de la naissance du Christ, les pasteurs, se trouv\u00e8rent non seulement en face de l&rsquo;Enfant J\u00e9sus, mais d&rsquo;une petite famille : la M\u00e8re, le P\u00e8re et le Fils nouveau-n\u00e9. Dieu a voulu se r\u00e9v\u00e9ler en naissant dans une famille humaine, et c&rsquo;est pourquoi la famille humaine est devenue une ic\u00f4ne de Dieu ! Dieu est Trinit\u00e9, il est communion d&rsquo;amour et la famille en est une expression qui refl\u00e8te le Myst\u00e8re insondable de Dieu amour, dans toute la diff\u00e9rence qui existe entre le Myst\u00e8re de Dieu et sa cr\u00e9ature humaine.\u00a0L&rsquo;homme et la femme, cr\u00e9\u00e9s \u00e0 l&rsquo;image de Dieu, deviennent dans le mariage \u00ab une seule chair \u00bb (Gn 2, 24), c&rsquo;est-\u00e0-dire une communion d&rsquo;amour qui engendre une nouvelle vie. La famille humaine, dans un certain sens, est une ic\u00f4ne de la Trinit\u00e9 du point de vue de l&rsquo;amour interpersonnel et de la f\u00e9condit\u00e9 de l&rsquo;amour.<\/p>\n<p>La liturgie d&rsquo;aujourd&rsquo;hui propose le c\u00e9l\u00e8bre \u00e9pisode \u00e9vang\u00e9lique de J\u00e9sus \u00e2g\u00e9 de douze ans qui reste au Temple, \u00e0 J\u00e9rusalem, \u00e0 l&rsquo;insu de ses parents, qui, surpris et inquiets, l&rsquo;y retrouvent apr\u00e8s trois jours alors qu&rsquo;il discute avec les docteurs. A sa m\u00e8re qui lui demande des explications, J\u00e9sus r\u00e9pond qu&rsquo;il doit \u00ab\u00a0<em>\u00eatre dans la propri\u00e9t\u00e9<\/em>\u00a0\u00bb, dans la maison de son P\u00e8re, c&rsquo;est-\u00e0-dire de Dieu (<em>cf. Lc 2, 49<\/em>).<\/p>\n<p>Dans cet \u00e9pisode, le jeune J\u00e9sus nous appara\u00eet plein de z\u00e8le pour Dieu et pour le Temple. Demandons-nous : de qui J\u00e9sus avait-il appris l&rsquo;amour pour les \u00ab\u00a0<em>choses<\/em>\u00a0\u00bb de son P\u00e8re ? Assur\u00e9ment en tant que fils, il a eu une intime connaissance de son P\u00e8re, de Dieu, d&rsquo;une profonde relation personnelle permanente avec Lui, mais, dans sa culture concr\u00e8te, il a assur\u00e9ment appris les pri\u00e8res, l&rsquo;amour envers le Temple et les institutions d&rsquo;Isra\u00ebl de ses propres parents. Nous pouvons donc affirmer que la d\u00e9cision de J\u00e9sus de rester dans le Temple \u00e9tait surtout le fruit de sa relation intime avec le P\u00e8re, mais aussi le fruit de l&rsquo;\u00e9ducation re\u00e7ue de Marie et de Joseph.<\/p>\n<p>Nous pouvons ici entrevoir le sens authentique de l&rsquo;\u00e9ducation chr\u00e9tienne\u00a0: elle est le fruit d&rsquo;une collaboration \u00e0 rechercher toujours entre les \u00e9ducateurs et Dieu. La famille chr\u00e9tienne est consciente que les enfants sont un don et un projet de Dieu. Par cons\u00e9quent, elle ne peut pas les consid\u00e9rer comme sa propri\u00e9t\u00e9, mais, en servant \u00e0 travers eux le dessein de Dieu, elle est appel\u00e9e \u00e0 les \u00e9duquer \u00e0 une plus grande libert\u00e9, qui est pr\u00e9cis\u00e9ment celle de dire\u00a0<em>oui<\/em>\u00a0\u00e0 Dieu pour faire sa volont\u00e9. La Vierge Marie est l&rsquo;exemple parfait de ce \u00ab\u00a0<em>oui<\/em>\u00a0\u00bb. Nous lui confions toutes les familles, en priant en particulier pour leur pr\u00e9cieuse mission \u00e9ducative. [&#8230;]<\/p>\n<p>Dieu, qui est venu au monde au sein d&rsquo;une famille, montre que cette institution est la voie s\u00fbre pour le rencontrer et le conna\u00eetre, et \u00e9galement un appel incessant \u00e0 travailler \u00e0 l&rsquo;unit\u00e9 de tous autour de l&rsquo;amour. Il s&rsquo;ensuit que l&rsquo;un des services les plus grands que nous chr\u00e9tiens pouvons pr\u00eater \u00e0 nos semblables est de leur offrir notre t\u00e9moignage serein et ferme de la famille fond\u00e9e sur le mariage entre un homme et une femme, en la sauvegardant et en la promouvant, car celle-ci poss\u00e8de une importance supr\u00eame pour le pr\u00e9sent et l&rsquo;avenir de l&rsquo;humanit\u00e9. En effet, la famille est la meilleure \u00e9cole pour apprendre \u00e0 vivre les valeurs qui donnent sa dignit\u00e9 \u00e0 la personne et rendent les peuples grands. Dans celle-ci, on partage \u00e9galement les souffrances et les joies, car l&rsquo;on se sent tous prot\u00e9g\u00e9s par l&rsquo;affection qui r\u00e8gne \u00e0 la maison, du simple fait d&rsquo;\u00eatre membres de la m\u00eame famille.<\/p>\n<p>Je demande \u00e0 Dieu que dans vos foyers domestiques l&rsquo;on respire toujours cet amour de d\u00e9vouement total et de fid\u00e9lit\u00e9 que J\u00e9sus apporta au monde avec sa naissance, le nourrissant et le renfor\u00e7ant par la pri\u00e8re quotidienne, la pratique constante des vertus, la compr\u00e9hension r\u00e9ciproque et le respect mutuel. Je vous encourage donc, confiant dans l&rsquo;intercession maternelle de la Tr\u00e8s Sainte Vierge Marie, Reine des Familles, et dans la puissante protection de saint Joseph, son \u00e9poux, \u00e0 vous consacrer sans rel\u00e2che \u00e0 cette belle mission que le Seigneur a plac\u00e9e entre vos mains. Vous pouvez compter sur ma proximit\u00e9 et sur mon affection. Je vous demande d&rsquo;apporter un salut particulier du Pape \u00e0 vos proches qui en ont le plus besoin ou \u00e0 ceux qui se trouvent en difficult\u00e9. Je vous b\u00e9nis de tout c\u0153ur.<\/p>\n<p>A l&rsquo;issue de l&rsquo;Angelus\u00a0:<\/p>\n<p>Chers p\u00e8lerins francophones, en cette f\u00eate de la Sainte-Famille de J\u00e9sus, Marie et Joseph, je suis heureux de saluer toutes vos familles et ma pri\u00e8re rejoint particuli\u00e8rement celles qui connaissent des difficult\u00e9s. Avec vous, je rends gr\u00e2ce \u00e0 Dieu pour la sainte famille de Nazareth : Marie et Joseph n&rsquo;ont pas seulement procur\u00e9 \u00e0 l&rsquo;Enfant J\u00e9sus le pain de la terre ; ils lui ont donn\u00e9 un authentique t\u00e9moignage de foi et d&rsquo;amour. Que leur exemple guide toutes les familles et soit pour elles une source intarissable de joie et de bonheur !<\/p>\n<p>A tous je souhaite une fin d&rsquo;ann\u00e9e sereine !<\/p>\n<p align=\"center\"><strong>BENO\u00ceT XVI<\/strong><\/p>\n<p align=\"center\">Angelus\u00a0&#8211; Place Saint-Pierre<br \/>\nDimanche 27 d\u00e9cembre 2009<\/p>\n<p align=\"center\">\u00a9 Copyright 2009 &#8211; Libreria Editrice Vaticana<\/p>\n<p align=\"center\"><span style=\"color: #ffffff;\">.<\/span><\/p>\n<p align=\"center\"><span style=\"color: #ffffff;\">.<\/span><\/p>\n","protected":false},"excerpt":{"rendered":"<p>Chers fr\u00e8res et s\u0153urs\u00a0! C&rsquo;est aujourd&rsquo;hui le dimanche de la Sainte-Famille. Nous pouvons encore nous mettre \u00e0 la place des pasteurs de Bethl\u00e9em qui, ayant re\u00e7u l&rsquo;annonce de l&rsquo;ange, s&#8217;empress\u00e8rent d&rsquo;accourir \u00e0 la grotte et trouv\u00e8rent \u00ab\u00a0Marie, Joseph et le nouveau-n\u00e9 couch\u00e9 dans la cr\u00e8che\u00a0\u00bb (Lc 2, 16). Arr\u00eatons-nous nous aussi pour contempler cette sc\u00e8ne [&hellip;]<\/p>\n","protected":false},"author":2,"featured_media":0,"comment_status":"closed","ping_status":"closed","sticky":false,"template":"","format":"standard","meta":{"footnotes":""},"categories":[3,13,15,28],"tags":[142,352,1049,1093,1130,1189],"class_list":["post-6559","post","type-post","status-publish","format-standard","hentry","category-liturgique","category-ecritures","category-histoire","category-saints-et-saintes","tag-benoit-16","tag-enfant-jesus","tag-st-joseph","tag-ste-famille","tag-temple","tag-vierge-marie"],"_links":{"self":[{"href":"https:\/\/www.associationdemarie.org\/blog\/wp-json\/wp\/v2\/posts\/6559","targetHints":{"allow":["GET"]}}],"collection":[{"href":"https:\/\/www.associationdemarie.org\/blog\/wp-json\/wp\/v2\/posts"}],"about":[{"href":"https:\/\/www.associationdemarie.org\/blog\/wp-json\/wp\/v2\/types\/post"}],"author":[{"embeddable":true,"href":"https:\/\/www.associationdemarie.org\/blog\/wp-json\/wp\/v2\/users\/2"}],"replies":[{"embeddable":true,"href":"https:\/\/www.associationdemarie.org\/blog\/wp-json\/wp\/v2\/comments?post=6559"}],"version-history":[{"count":0,"href":"https:\/\/www.associationdemarie.org\/blog\/wp-json\/wp\/v2\/posts\/6559\/revisions"}],"wp:attachment":[{"href":"https:\/\/www.associationdemarie.org\/blog\/wp-json\/wp\/v2\/media?parent=6559"}],"wp:term":[{"taxonomy":"category","embeddable":true,"href":"https:\/\/www.associationdemarie.org\/blog\/wp-json\/wp\/v2\/categories?post=6559"},{"taxonomy":"post_tag","embeddable":true,"href":"https:\/\/www.associationdemarie.org\/blog\/wp-json\/wp\/v2\/tags?post=6559"}],"curies":[{"name":"wp","href":"https:\/\/api.w.org\/{rel}","templated":true}]}}