{"id":6533,"date":"2012-12-11T05:43:03","date_gmt":"2012-12-11T05:43:03","guid":{"rendered":"http:\/\/preprod.meltem-int.com\/marie\/blog\/?p=6533"},"modified":"2012-12-11T05:43:03","modified_gmt":"2012-12-11T05:43:03","slug":"la-lumiere-brille-dans-les-tenebres-et-les-tenebres-ne-lont-pas-arretee-jn-15","status":"publish","type":"post","link":"https:\/\/www.associationdemarie.org\/blog\/la-lumiere-brille-dans-les-tenebres-et-les-tenebres-ne-lont-pas-arretee-jn-15\/","title":{"rendered":"\u00ab La lumi\u00e8re brille dans les t\u00e9n\u00e8bres et les t\u00e9n\u00e8bres ne l&rsquo;ont pas arr\u00eat\u00e9e. \u00bb (Jn 1,5)"},"content":{"rendered":"<p>L&rsquo;enfant de la cr\u00e8che tend ses petites mains, et son sourire semble d\u00e9j\u00e0 exprimer ce que les l\u00e8vres de l&rsquo;homme prononceront plus tard : \u00ab Venez \u00e0 moi, vous tous qui peinez et \u00eates accabl\u00e9s \u00bb (Mt 11,28)&#8230; \u00ab Suis-moi ! \u00bb disent les mains de l&rsquo;enfant, comme le diront plus tard les l\u00e8vres de l&rsquo;homme. Ainsi ont-elles appel\u00e9 le jeune disciple que le Seigneur aimait et qui, lui aussi, fait maintenant partie du cort\u00e8ge de la cr\u00e8che. Saint Jean, jeune homme au c\u0153ur pur, est parti sans demander : o\u00f9 ? ni pourquoi ? Il a abandonn\u00e9 la barque de son p\u00e8re (Mt 4,22) et a suivi le Ma\u00eetre sur tous ses chemins, jusqu&rsquo;au Golgotha (Jn 19,26).<\/p>\n<p>\u00ab Suis-moi ! \u00bb Cet appel, le jeune \u00c9tienne l&rsquo;a entendu aussi. Il a suivi le ma\u00eetre dans son combat contre les puissances des t\u00e9n\u00e8bres, contre l&rsquo;aveuglement et le refus obstin\u00e9 de croire, et il a t\u00e9moign\u00e9 pour lui, par sa parole et par son sang. Il a march\u00e9 selon son esprit, l&rsquo;esprit d&rsquo;amour qui combat le p\u00e9ch\u00e9 mais aime le p\u00e9cheur, et qui, jusque dans la mort, d\u00e9fend le meurtrier en face de Dieu.<\/p>\n<p>Ceux qui s&rsquo;agenouillent autour de la cr\u00e8che sont des fils de lumi\u00e8re : fr\u00eales saints Innocents, bergers pleins de foi, rois humbles, \u00c9tienne, le disciple ardent, et Jean, l&rsquo;ap\u00f4tre de l&rsquo;amour, eux tous qui ont suivi l&rsquo;appel du Ma\u00eetre. En face d&rsquo;eux, dans la nuit de l&rsquo;endurcissement inconcevable et de l&rsquo;aveuglement, se tiennent les docteurs de la Loi qui, sachant en quel temps et en quel lieu na\u00eetrait le Sauveur (Mt 2,5), ne sont pourtant pas partis \u00e0 Bethl\u00e9em, et le roi H\u00e9rode qui a voulu faire mourir le Ma\u00eetre de la vie. Devant l&rsquo;enfant de la cr\u00e8che, les esprits se divisent. Il est le Roi des rois, le Ma\u00eetre de la vie et de la mort. Il dit : \u00ab Suis-moi \u00bb et qui n&rsquo;est pas pour lui est contre lui (Mt 12,30). Il nous le dit \u00e0 nous aussi et nous met en demeure de choisir entre la lumi\u00e8re et les t\u00e9n\u00e8bres.<\/p>\n<p>Sainte Th\u00e9r\u00e8se-B\u00e9n\u00e9dicte de la Croix [\u00c9dith Stein] (1891-1942), carm\u00e9lite, martyre, copatronne de l&rsquo;Europe<br \/>\n<em>Das Weihnachtsgeheimnis (trad. Le Myst\u00e8re de No\u00ebl, Orante 1955, p. 29-34 rev.)<\/em><\/p>\n<p><span style=\"color: #ffffff;\">.<\/span><\/p>\n<p><span style=\"color: #ffffff;\">.<\/span><\/p>\n","protected":false},"excerpt":{"rendered":"<p>L&rsquo;enfant de la cr\u00e8che tend ses petites mains, et son sourire semble d\u00e9j\u00e0 exprimer ce que les l\u00e8vres de l&rsquo;homme prononceront plus tard : \u00ab Venez \u00e0 moi, vous tous qui peinez et \u00eates accabl\u00e9s \u00bb (Mt 11,28)&#8230; \u00ab Suis-moi ! \u00bb disent les mains de l&rsquo;enfant, comme le diront plus tard les l\u00e8vres de [&hellip;]<\/p>\n","protected":false},"author":2,"featured_media":0,"comment_status":"closed","ping_status":"closed","sticky":false,"template":"","format":"standard","meta":{"footnotes":""},"categories":[3,13,28],"tags":[270,536,1108],"class_list":["post-6533","post","type-post","status-publish","format-standard","hentry","category-liturgique","category-ecritures","category-saints-et-saintes","tag-creche","tag-jesus-christ","tag-ste-therese-benedicte-de-la-croix"],"_links":{"self":[{"href":"https:\/\/www.associationdemarie.org\/blog\/wp-json\/wp\/v2\/posts\/6533","targetHints":{"allow":["GET"]}}],"collection":[{"href":"https:\/\/www.associationdemarie.org\/blog\/wp-json\/wp\/v2\/posts"}],"about":[{"href":"https:\/\/www.associationdemarie.org\/blog\/wp-json\/wp\/v2\/types\/post"}],"author":[{"embeddable":true,"href":"https:\/\/www.associationdemarie.org\/blog\/wp-json\/wp\/v2\/users\/2"}],"replies":[{"embeddable":true,"href":"https:\/\/www.associationdemarie.org\/blog\/wp-json\/wp\/v2\/comments?post=6533"}],"version-history":[{"count":0,"href":"https:\/\/www.associationdemarie.org\/blog\/wp-json\/wp\/v2\/posts\/6533\/revisions"}],"wp:attachment":[{"href":"https:\/\/www.associationdemarie.org\/blog\/wp-json\/wp\/v2\/media?parent=6533"}],"wp:term":[{"taxonomy":"category","embeddable":true,"href":"https:\/\/www.associationdemarie.org\/blog\/wp-json\/wp\/v2\/categories?post=6533"},{"taxonomy":"post_tag","embeddable":true,"href":"https:\/\/www.associationdemarie.org\/blog\/wp-json\/wp\/v2\/tags?post=6533"}],"curies":[{"name":"wp","href":"https:\/\/api.w.org\/{rel}","templated":true}]}}