{"id":653,"date":"2009-11-30T19:31:42","date_gmt":"2009-11-30T19:31:42","guid":{"rendered":"http:\/\/www.associationdemarie.com\/?p=653"},"modified":"2009-11-30T19:31:42","modified_gmt":"2009-11-30T19:31:42","slug":"avent","status":"publish","type":"post","link":"https:\/\/www.associationdemarie.org\/blog\/avent\/","title":{"rendered":"Avent"},"content":{"rendered":"<p><a href=\"https:\/\/www.associationdemarie.org\/blog\/wp-content\/uploads\/2009\/11\/Avent.gif\"><img loading=\"lazy\" decoding=\"async\" class=\"alignleft size-medium wp-image-654\" title=\"Avent\" src=\"https:\/\/www.associationdemarie.org\/blog\/wp-content\/uploads\/2009\/11\/Avent-300x261.gif\" alt=\"Avent\" width=\"300\" height=\"261\" \/><\/a>Le temps de l&rsquo;Avent a d\u00e9but\u00e9 dimanche 29 novembre pour les catholiques et les protestants. Ce temps d&rsquo;environ quatre semaines tire son nom du latin\u00a0<em>adventus<\/em>, qui signifie venue ou av\u00e8nement, marque l&rsquo;attente qui pr\u00e9c\u00e8de la naissance du Christ, \u00e0 No\u00ebl. C&rsquo;est le d\u00e9but de l&rsquo;ann\u00e9e liturgique.<\/p>\n<p>No\u00ebl ne se r\u00e9sume pas \u00e0 du \u00abl\u00e8che vitrine\u00bb, vient d&rsquo;ailleurs de rappeler la Conf\u00e9rence des \u00e9v\u00eaques de France\u00a0: c&rsquo;est aussi un temps de pri\u00e8re, de \u00abconversion int\u00e9rieure\u00bb.<\/p>\n<p>\u00c0 Rome, au cours des premi\u00e8res v\u00eapres de l&rsquo;Avent c\u00e9l\u00e9br\u00e9es en la basilique Saint-Pierre,\u00a0en fin d&rsquo;apr\u00e8s-midi, samedi 28 novembre, Beno\u00eet XVI a justement invit\u00e9 les chr\u00e9tiens, dans un monde o\u00f9 l\u2019homme est monopolis\u00e9 par de multiples activit\u00e9s et des \u00abdistractions de toutes sortes\u00bb, \u00e0 \u00eatre attentifs aux signaux que Dieu leur adresse\u00a0\u00e0 de les noter dans un \u00abjournal intime\u00bb int\u00e9rieur.<\/p>\n","protected":false},"excerpt":{"rendered":"<p>Le temps de l&rsquo;Avent a d\u00e9but\u00e9 dimanche 29 novembre pour les catholiques et les protestants. Ce temps d&rsquo;environ quatre semaines tire son nom du latin\u00a0adventus, qui signifie venue ou av\u00e8nement, marque l&rsquo;attente qui pr\u00e9c\u00e8de la naissance du Christ, \u00e0 No\u00ebl. C&rsquo;est le d\u00e9but de l&rsquo;ann\u00e9e liturgique. No\u00ebl ne se r\u00e9sume pas \u00e0 du \u00abl\u00e8che vitrine\u00bb, [&hellip;]<\/p>\n","protected":false},"author":2,"featured_media":0,"comment_status":"closed","ping_status":"closed","sticky":false,"template":"","format":"standard","meta":{"footnotes":""},"categories":[3],"tags":[127,142,715],"class_list":["post-653","post","type-post","status-publish","format-standard","hentry","category-liturgique","tag-avent","tag-benoit-16","tag-noel"],"_links":{"self":[{"href":"https:\/\/www.associationdemarie.org\/blog\/wp-json\/wp\/v2\/posts\/653","targetHints":{"allow":["GET"]}}],"collection":[{"href":"https:\/\/www.associationdemarie.org\/blog\/wp-json\/wp\/v2\/posts"}],"about":[{"href":"https:\/\/www.associationdemarie.org\/blog\/wp-json\/wp\/v2\/types\/post"}],"author":[{"embeddable":true,"href":"https:\/\/www.associationdemarie.org\/blog\/wp-json\/wp\/v2\/users\/2"}],"replies":[{"embeddable":true,"href":"https:\/\/www.associationdemarie.org\/blog\/wp-json\/wp\/v2\/comments?post=653"}],"version-history":[{"count":0,"href":"https:\/\/www.associationdemarie.org\/blog\/wp-json\/wp\/v2\/posts\/653\/revisions"}],"wp:attachment":[{"href":"https:\/\/www.associationdemarie.org\/blog\/wp-json\/wp\/v2\/media?parent=653"}],"wp:term":[{"taxonomy":"category","embeddable":true,"href":"https:\/\/www.associationdemarie.org\/blog\/wp-json\/wp\/v2\/categories?post=653"},{"taxonomy":"post_tag","embeddable":true,"href":"https:\/\/www.associationdemarie.org\/blog\/wp-json\/wp\/v2\/tags?post=653"}],"curies":[{"name":"wp","href":"https:\/\/api.w.org\/{rel}","templated":true}]}}