{"id":6502,"date":"2012-12-22T01:20:36","date_gmt":"2012-12-22T01:20:36","guid":{"rendered":"http:\/\/preprod.meltem-int.com\/marie\/blog\/?p=6502"},"modified":"2012-12-22T01:20:36","modified_gmt":"2012-12-22T01:20:36","slug":"seigneur-dieu-tres-haut-ne-tarde-pas-denvoyer-ton-serviteur-pour-apporter-la-paix-sur-la-terre","status":"publish","type":"post","link":"https:\/\/www.associationdemarie.org\/blog\/seigneur-dieu-tres-haut-ne-tarde-pas-denvoyer-ton-serviteur-pour-apporter-la-paix-sur-la-terre\/","title":{"rendered":"\u00ab\u00a0Seigneur, Dieu Tr\u00e8s-Haut, ne tarde pas d&rsquo;envoyer ton Serviteur pour apporter la paix sur la terre.\u00a0\u00bb"},"content":{"rendered":"<p><a href=\"https:\/\/www.associationdemarie.org\/blog\/wp-content\/uploads\/2012\/12\/Priere-Je-te-salue-Marie.jpg\"><img loading=\"lazy\" decoding=\"async\" class=\"alignleft size-full wp-image-6503\" title=\"Priere-Je-te-salue-Marie\" src=\"https:\/\/www.associationdemarie.org\/blog\/wp-content\/uploads\/2012\/12\/Priere-Je-te-salue-Marie.jpg\" alt=\"\" width=\"150\" height=\"250\" \/><\/a>\u00ab\u00a0Seigneur, Dieu Tr\u00e8s-Haut, ne tarde pas d&rsquo;envoyer ton Serviteur pour apporter la paix sur la terre. Suscite le temps favorable et la vierge pure et f\u00e9conde pour l&rsquo;av\u00e8nement de ton Christ.<\/p>\n<p>P\u00e8re, P\u00e8re Saint, accorde \u00e0 ta servante d&rsquo;offrir sa vie dans ce but.<\/p>\n<p>Accorde-moi de mourir apr\u00e8s avoir vu ta Lumi\u00e8re et ta Justice sur la terre et d&rsquo;avoir vu, accomplie, la R\u00e9demption.<\/p>\n<p>O P\u00e8re Saint envoie \u00e0 la terre ce qui a fait soupirer les Proph\u00e8tes.<\/p>\n<p>Envoie \u00e0 ta servante le R\u00e9dempteur.<\/p>\n<p>Qu&rsquo;\u00e0 l&rsquo;heure o\u00f9 se terminera ma journ\u00e9e s&rsquo;ouvre pour moi ta demeure parce que ses portes auront d\u00e9j\u00e0 \u00e9t\u00e9 ouvertes par ton Christ, pour tous ceux qui ont esp\u00e9r\u00e9 en Toi. Viens, viens, \u00f4 Esprit du Seigneur.\u00a0\u00bb<\/p>\n<p><em>Maria Valtorta, \u00ab\u00a0De l&rsquo;\u00e9vangile tel qu&rsquo;il m&rsquo;a \u00e9t\u00e9 r\u00e9v\u00e9l\u00e9.\u00a0\u00bb<\/em><\/p>\n<p><span style=\"color: #ffffff;\">.<\/span><\/p>\n<p><span style=\"color: #ffffff;\">.<\/span><\/p>\n","protected":false},"excerpt":{"rendered":"<p>\u00ab\u00a0Seigneur, Dieu Tr\u00e8s-Haut, ne tarde pas d&rsquo;envoyer ton Serviteur pour apporter la paix sur la terre. Suscite le temps favorable et la vierge pure et f\u00e9conde pour l&rsquo;av\u00e8nement de ton Christ. P\u00e8re, P\u00e8re Saint, accorde \u00e0 ta servante d&rsquo;offrir sa vie dans ce but. Accorde-moi de mourir apr\u00e8s avoir vu ta Lumi\u00e8re et ta Justice [&hellip;]<\/p>\n","protected":false},"author":2,"featured_media":0,"comment_status":"closed","ping_status":"closed","sticky":false,"template":"","format":"standard","meta":{"footnotes":""},"categories":[3,13,27,28],"tags":[78,127,634,1189],"class_list":["post-6502","post","type-post","status-publish","format-standard","hentry","category-liturgique","category-ecritures","category-prieres","category-saints-et-saintes","tag-annonciation","tag-avent","tag-maria-valtorta","tag-vierge-marie"],"_links":{"self":[{"href":"https:\/\/www.associationdemarie.org\/blog\/wp-json\/wp\/v2\/posts\/6502","targetHints":{"allow":["GET"]}}],"collection":[{"href":"https:\/\/www.associationdemarie.org\/blog\/wp-json\/wp\/v2\/posts"}],"about":[{"href":"https:\/\/www.associationdemarie.org\/blog\/wp-json\/wp\/v2\/types\/post"}],"author":[{"embeddable":true,"href":"https:\/\/www.associationdemarie.org\/blog\/wp-json\/wp\/v2\/users\/2"}],"replies":[{"embeddable":true,"href":"https:\/\/www.associationdemarie.org\/blog\/wp-json\/wp\/v2\/comments?post=6502"}],"version-history":[{"count":1,"href":"https:\/\/www.associationdemarie.org\/blog\/wp-json\/wp\/v2\/posts\/6502\/revisions"}],"predecessor-version":[{"id":8663,"href":"https:\/\/www.associationdemarie.org\/blog\/wp-json\/wp\/v2\/posts\/6502\/revisions\/8663"}],"wp:attachment":[{"href":"https:\/\/www.associationdemarie.org\/blog\/wp-json\/wp\/v2\/media?parent=6502"}],"wp:term":[{"taxonomy":"category","embeddable":true,"href":"https:\/\/www.associationdemarie.org\/blog\/wp-json\/wp\/v2\/categories?post=6502"},{"taxonomy":"post_tag","embeddable":true,"href":"https:\/\/www.associationdemarie.org\/blog\/wp-json\/wp\/v2\/tags?post=6502"}],"curies":[{"name":"wp","href":"https:\/\/api.w.org\/{rel}","templated":true}]}}