{"id":649,"date":"2009-11-23T07:44:55","date_gmt":"2009-11-23T07:44:55","guid":{"rendered":"http:\/\/www.associationdemarie.com\/?p=649"},"modified":"2009-11-23T07:44:55","modified_gmt":"2009-11-23T07:44:55","slug":"fete-du-christ-roi","status":"publish","type":"post","link":"https:\/\/www.associationdemarie.org\/blog\/fete-du-christ-roi\/","title":{"rendered":"F\u00eate du Christ Roi"},"content":{"rendered":"<p><a href=\"https:\/\/www.associationdemarie.org\/blog\/wp-content\/uploads\/2009\/11\/Christ-Roi.jpg\"><img loading=\"lazy\" decoding=\"async\" class=\"alignleft size-medium wp-image-650\" title=\"Christ Roi\" src=\"https:\/\/www.associationdemarie.org\/blog\/wp-content\/uploads\/2009\/11\/Christ-Roi-300x206.jpg\" alt=\"Christ Roi\" width=\"300\" height=\"206\" srcset=\"https:\/\/www.associationdemarie.org\/blog\/wp-content\/uploads\/2009\/11\/Christ-Roi-300x206.jpg 300w, https:\/\/www.associationdemarie.org\/blog\/wp-content\/uploads\/2009\/11\/Christ-Roi.jpg 640w\" sizes=\"auto, (max-width: 300px) 100vw, 300px\" \/><\/a>Dimanche 22 novembre, nous c\u00e9l\u00e8brerons la f\u00eate du CHRIST ROI<br style=\"padding: 0px; margin: 0px;\" \/>La f\u00eate du CHRIST ROI de l&rsquo;univers fut \u00e9tablie par le Pape PIE XI, le 11 d\u00e9cembre 1925. C&rsquo;est aussi le dernier dimanche du temps ordinaire de l&rsquo;EGLISE. Le Dimanche suivant sera le 1er Dimanche de l&rsquo; AVENT.<br style=\"padding: 0px; margin: 0px;\" \/>Parole de Dieu : \u00ab\u00a0Tout pouvoir m&rsquo;a \u00e9t\u00e9 au ciel et sur la terre. Allez donc,de toutes les nations faites des disciples. Et moi, je suis avec tous les jours, jusqu&rsquo;\u00e0 la fin des temps.\u00a0\u00bb (L&rsquo;\u00e9vangile de SAINT MATTHIEU 28,18)\u00a0<br style=\"padding: 0px; margin: 0px;\" \/>Proclamer que le Christ est ROI, c&rsquo;est affirmer qu&rsquo;il a d\u00e9finitivement vaincu le mal est dans son humanit\u00e9 et sa divinit\u00e9, pour toujours associ\u00e9 \u00e0 la royaut\u00e9 du p\u00e8re : le Christ dans l&rsquo;unit\u00e9 de la Trinit\u00e9 d\u00e9tient l&rsquo;autorit\u00e9 supr\u00eame non seulement sur terre, mais sur l&rsquo;univers.<br style=\"padding: 0px; margin: 0px;\" \/>Celui que nous f\u00eatons comme notre ROI, c&rsquo;est le Fils de DIEU qui est aussi le Fils de Marie. Le ma\u00eetre du monde et de l&rsquo;histoire a dit \u00ab\u00a0maman\u00a0\u00bb \u00e0 une femme de la terre, et c&rsquo;est ce m\u00eame JESUS CHRIST qui a tout pouvoir dans le ciel.<br style=\"padding: 0px; margin: 0px;\" \/>Bien des gens, il est vrai, m\u00eame parmi les chr\u00e9tiens, pourraient s&rsquo;interroger sur cette royaut\u00e9, en objectant qu&rsquo;elle n&rsquo;est pas manisfeste de fa\u00e7on evidente. J\u00e9sus r\u00e9pond \u00e0 cette objection lorsqu&rsquo;il dit \u00e0 Pilate : MA ROYAUTE N EST PAS DE CE MONDE. (Jean 18, 37 )\u00a0<br style=\"padding: 0px; margin: 0px;\" \/>Cette f\u00eate invite \u00e9galement toute l&rsquo; Eglise \u00e0 se reconna\u00eetre dans sa dignit\u00e9 d&rsquo;\u00e9pouse de roi et \u00e0 prendre conscience qu&rsquo;elle participe d\u00e9j\u00e0 \u00e0 cette royaut\u00e9. Au nom de toute la cr\u00e9ation, elle acclame son roi dans l&rsquo;all\u00e9gresse .<\/p>\n","protected":false},"excerpt":{"rendered":"<p>Dimanche 22 novembre, nous c\u00e9l\u00e8brerons la f\u00eate du CHRIST ROILa f\u00eate du CHRIST ROI de l&rsquo;univers fut \u00e9tablie par le Pape PIE XI, le 11 d\u00e9cembre 1925. C&rsquo;est aussi le dernier dimanche du temps ordinaire de l&rsquo;EGLISE. Le Dimanche suivant sera le 1er Dimanche de l&rsquo; AVENT.Parole de Dieu : \u00ab\u00a0Tout pouvoir m&rsquo;a \u00e9t\u00e9 au [&hellip;]<\/p>\n","protected":false},"author":2,"featured_media":0,"comment_status":"closed","ping_status":"closed","sticky":false,"template":"","format":"standard","meta":{"footnotes":""},"categories":[3],"tags":[],"class_list":["post-649","post","type-post","status-publish","format-standard","hentry","category-liturgique"],"_links":{"self":[{"href":"https:\/\/www.associationdemarie.org\/blog\/wp-json\/wp\/v2\/posts\/649","targetHints":{"allow":["GET"]}}],"collection":[{"href":"https:\/\/www.associationdemarie.org\/blog\/wp-json\/wp\/v2\/posts"}],"about":[{"href":"https:\/\/www.associationdemarie.org\/blog\/wp-json\/wp\/v2\/types\/post"}],"author":[{"embeddable":true,"href":"https:\/\/www.associationdemarie.org\/blog\/wp-json\/wp\/v2\/users\/2"}],"replies":[{"embeddable":true,"href":"https:\/\/www.associationdemarie.org\/blog\/wp-json\/wp\/v2\/comments?post=649"}],"version-history":[{"count":0,"href":"https:\/\/www.associationdemarie.org\/blog\/wp-json\/wp\/v2\/posts\/649\/revisions"}],"wp:attachment":[{"href":"https:\/\/www.associationdemarie.org\/blog\/wp-json\/wp\/v2\/media?parent=649"}],"wp:term":[{"taxonomy":"category","embeddable":true,"href":"https:\/\/www.associationdemarie.org\/blog\/wp-json\/wp\/v2\/categories?post=649"},{"taxonomy":"post_tag","embeddable":true,"href":"https:\/\/www.associationdemarie.org\/blog\/wp-json\/wp\/v2\/tags?post=649"}],"curies":[{"name":"wp","href":"https:\/\/api.w.org\/{rel}","templated":true}]}}