{"id":6467,"date":"2012-12-17T01:54:07","date_gmt":"2012-12-17T01:54:07","guid":{"rendered":"http:\/\/preprod.meltem-int.com\/marie\/blog\/?p=6467"},"modified":"2012-12-17T01:54:07","modified_gmt":"2012-12-17T01:54:07","slug":"lattente-des-nations","status":"publish","type":"post","link":"https:\/\/www.associationdemarie.org\/blog\/lattente-des-nations\/","title":{"rendered":"L&rsquo;attente des nations"},"content":{"rendered":"<p><a href=\"https:\/\/www.associationdemarie.org\/blog\/wp-content\/uploads\/2012\/12\/z347.jpg\"><img loading=\"lazy\" decoding=\"async\" class=\"aligncenter size-full wp-image-6468\" title=\"Marie et J\u00e9sus\" src=\"https:\/\/www.associationdemarie.org\/blog\/wp-content\/uploads\/2012\/12\/z347.jpg\" alt=\"\" width=\"351\" height=\"500\" srcset=\"https:\/\/www.associationdemarie.org\/blog\/wp-content\/uploads\/2012\/12\/z347.jpg 351w, https:\/\/www.associationdemarie.org\/blog\/wp-content\/uploads\/2012\/12\/z347-210x300.jpg 210w\" sizes=\"auto, (max-width: 351px) 100vw, 351px\" \/><\/a><\/p>\n<p>Tu es celui qu&rsquo;attendent les nations ! (Gn 49,10 Vulg) Et ceux qui t&rsquo;attendent ne seront pas d\u00e9\u00e7us. Nos p\u00e8res t&rsquo;ont attendu, tous les justes depuis l&rsquo;origine du monde ont esp\u00e9r\u00e9 en toi, et tu ne les a pas d\u00e9\u00e7us (cf Ps 21,5)&#8230;<\/p>\n<p>Mais l&rsquo;\u00c9glise, qui dans les justes d&rsquo;autrefois a attendu le premier av\u00e8nement du Christ, attend pareillement le second dans les justes de la Nouvelle Alliance. Comme elle \u00e9tait s\u00fbre que le premier av\u00e8nement acquitterait le prix de la r\u00e9demption, elle a aussi la certitude que le second lui apportera la r\u00e9compense. Suspendue \u00e0 cette attente, cet espoir qui d\u00e9passe les valeurs de la terre, l&rsquo;\u00c9glise aspire avec autant de joie que d&rsquo;ardeur aux biens \u00e9ternels.<\/p>\n<p>Alors que d&rsquo;autres se h\u00e2tent de chercher leur bonheur ici-bas sans attendre que le dessein du Seigneur se r\u00e9alise, alors qu&rsquo;ils se pr\u00e9cipitent pour s&#8217;emparer de ce que ce monde-ci leur propose, celui qui a le bonheur de mettre son espoir dans le Seigneur n&rsquo;attache pas son regard aux choses vaines et \u00e0 ce qui trompe (Ps 39,5)&#8230; Il sait qu&rsquo;il vaut mieux \u00eatre humili\u00e9 avec les doux que de partager le butin de ce monde-ci avec les orgueilleux. Pour se consoler, il se dit : \u00ab &lsquo; Ma part, c&rsquo;est le Seigneur ; c&rsquo;est pourquoi je l&rsquo;attendrai. Le Seigneur est bon pour ceux qui esp\u00e8rent en lui, pour ceux qui le cherchent. Il est bon d&rsquo;attendre en silence le salut de Dieu. &lsquo; Seigneur, il est vrai, &lsquo; mon \u00e2me d\u00e9faille dans l&rsquo;attente de ton salut, mais je d\u00e9borde d&rsquo;esp\u00e9rance en ta parole &lsquo; \u00bb (Lm 3,24-26; Ps 118,81 Vulg)&#8230; Je suis certain \u00ab qu&rsquo;il appara\u00eetra \u00e0 la fin et ne nous d\u00e9cevra pas \u00bb ; c&rsquo;est pourquoi \u00ab m\u00eame s&rsquo;il se fait attendre,\u00a0\u00a0je l&rsquo;attendrai, car il viendra sans aucun doute \u00bb (cf Ha 2,3).<\/p>\n<p>Bienheureux Guerric d&rsquo;Igny (v. 1080-1157), abb\u00e9 cistercien<br \/>\n<em>Sermon 1 pour l&rsquo;Avent ; SC 166 (trad. cf SC p. 93-95)<\/em><\/p>\n<p><span style=\"color: #ffffff;\">.<\/span><\/p>\n<p><span style=\"color: #ffffff;\">.<\/span><\/p>\n","protected":false},"excerpt":{"rendered":"<p>Tu es celui qu&rsquo;attendent les nations ! (Gn 49,10 Vulg) Et ceux qui t&rsquo;attendent ne seront pas d\u00e9\u00e7us. Nos p\u00e8res t&rsquo;ont attendu, tous les justes depuis l&rsquo;origine du monde ont esp\u00e9r\u00e9 en toi, et tu ne les a pas d\u00e9\u00e7us (cf Ps 21,5)&#8230; Mais l&rsquo;\u00c9glise, qui dans les justes d&rsquo;autrefois a attendu le premier av\u00e8nement [&hellip;]<\/p>\n","protected":false},"author":2,"featured_media":0,"comment_status":"closed","ping_status":"closed","sticky":false,"template":"","format":"standard","meta":{"footnotes":""},"categories":[3,13,28],"tags":[127,155,220,1382],"class_list":["post-6467","post","type-post","status-publish","format-standard","hentry","category-liturgique","category-ecritures","category-saints-et-saintes","tag-avent","tag-bienheureux-guerric-digny","tag-christ","tag-ecritures"],"_links":{"self":[{"href":"https:\/\/www.associationdemarie.org\/blog\/wp-json\/wp\/v2\/posts\/6467","targetHints":{"allow":["GET"]}}],"collection":[{"href":"https:\/\/www.associationdemarie.org\/blog\/wp-json\/wp\/v2\/posts"}],"about":[{"href":"https:\/\/www.associationdemarie.org\/blog\/wp-json\/wp\/v2\/types\/post"}],"author":[{"embeddable":true,"href":"https:\/\/www.associationdemarie.org\/blog\/wp-json\/wp\/v2\/users\/2"}],"replies":[{"embeddable":true,"href":"https:\/\/www.associationdemarie.org\/blog\/wp-json\/wp\/v2\/comments?post=6467"}],"version-history":[{"count":0,"href":"https:\/\/www.associationdemarie.org\/blog\/wp-json\/wp\/v2\/posts\/6467\/revisions"}],"wp:attachment":[{"href":"https:\/\/www.associationdemarie.org\/blog\/wp-json\/wp\/v2\/media?parent=6467"}],"wp:term":[{"taxonomy":"category","embeddable":true,"href":"https:\/\/www.associationdemarie.org\/blog\/wp-json\/wp\/v2\/categories?post=6467"},{"taxonomy":"post_tag","embeddable":true,"href":"https:\/\/www.associationdemarie.org\/blog\/wp-json\/wp\/v2\/tags?post=6467"}],"curies":[{"name":"wp","href":"https:\/\/api.w.org\/{rel}","templated":true}]}}