{"id":6441,"date":"2012-12-15T01:38:08","date_gmt":"2012-12-15T01:38:08","guid":{"rendered":"http:\/\/preprod.meltem-int.com\/marie\/blog\/?p=6441"},"modified":"2012-12-15T01:38:08","modified_gmt":"2012-12-15T01:38:08","slug":"il-sera-rempli-desprit-saint-il-marchera-devant-le-seigneur-avec-la-puissance-delie-lc-117","status":"publish","type":"post","link":"https:\/\/www.associationdemarie.org\/blog\/il-sera-rempli-desprit-saint-il-marchera-devant-le-seigneur-avec-la-puissance-delie-lc-117\/","title":{"rendered":"\u00ab Il sera rempli d&rsquo;Esprit Saint&#8230;; il marchera devant le Seigneur avec la puissance d&rsquo;\u00c9lie. \u00bb (Lc 1,17)"},"content":{"rendered":"<p><a href=\"https:\/\/www.associationdemarie.org\/blog\/wp-content\/uploads\/2012\/11\/TransfigurationR.jpg\"><img loading=\"lazy\" decoding=\"async\" class=\"alignright size-full wp-image-6442\" title=\"TransfigurationR\" src=\"https:\/\/www.associationdemarie.org\/blog\/wp-content\/uploads\/2012\/11\/TransfigurationR.jpg\" alt=\"\" width=\"260\" height=\"263\" \/><\/a>Qui a obtenu le pouvoir d&rsquo;ouvrir ou de fermer les cieux, de retenir ou de faire venir la pluie ? Qui pouvait faire descendre le feu sur un sacrifice inond\u00e9 d&rsquo;eau ou sur deux troupes de soldats \u00e0 cause de leurs m\u00e9faits ? Qui, dans une ardeur enflamm\u00e9e, a fait p\u00e9rir les proph\u00e8tes de la honte \u00e0 cause des idoles offensantes qu&rsquo;ils v\u00e9n\u00e9raient ? Qui a vu Dieu dans une brise l\u00e9g\u00e8re ?&#8230; Tous ces faits sont propres \u00e0 \u00c9lie seulement et \u00e0 l&rsquo;Esprit qui est en lui.<\/p>\n<p>Mais on pourrait parler d&rsquo;\u00e9v\u00e9nements encore plus prodigieux&#8230; \u00c9lie est celui qui jusqu&rsquo;\u00e0 ce jour n&rsquo;a m\u00eame pas subi la mort, mais a \u00e9t\u00e9 enlev\u00e9 aux cieux et reste imp\u00e9rissable ; certains pensent qu&rsquo;il vit avec les anges, dont il a imit\u00e9 la nature incorruptible et immat\u00e9rielle \u00e0 travers une vie pure&#8230; Et de fait \u00c9lie est apparu \u00e0 la transfiguration du Fils de Dieu, le voyant \u00e0 visage d\u00e9couvert, se tenant face \u00e0 face devant lui. \u00c0 la fin des temps, quand le salut de Dieu sera manifest\u00e9, c&rsquo;est lui qui proclamera la venue de Dieu avant les autres et la montrera aux autres ; par beaucoup de signes extraordinaires il confirmera le jour qui est tenu secret. Ce jour-l\u00e0 nous aussi, si nous sommes pr\u00eats, nous esp\u00e9rons aller au devant de cet homme admirable qui nous pr\u00e9pare le chemin qui m\u00e8ne \u00e0 ce jour. Qu&rsquo;il nous fasse entrer donc dans les demeures c\u00e9lestes, dans le Christ J\u00e9sus notre Seigneur, \u00e0 qui reviennent la gloire et la puissance, maintenant et toujours et pour les si\u00e8cles des si\u00e8cles.<\/p>\n<p>(R\u00e9f\u00e9rences bibliques : 1R 17,1; 2R 1,10; 1R 18,40; 19,12; 2R 2,1; Mt 17,3)<\/p>\n<p>Saint Jean de Damas (v. 675-749), moine, th\u00e9ologien, docteur de l&rsquo;\u00c9glise<br \/>\n<em>Discours sur le grand proph\u00e8te \u00c9lie le Thesbite (trad. Coll. Spi. Or. 53, p.186 rev.)<\/em><\/p>\n<p><span style=\"color: #ffffff;\">.<\/span><\/p>\n<p><span style=\"color: #ffffff;\">.<\/span><\/p>\n","protected":false},"excerpt":{"rendered":"<p>Qui a obtenu le pouvoir d&rsquo;ouvrir ou de fermer les cieux, de retenir ou de faire venir la pluie ? Qui pouvait faire descendre le feu sur un sacrifice inond\u00e9 d&rsquo;eau ou sur deux troupes de soldats \u00e0 cause de leurs m\u00e9faits ? Qui, dans une ardeur enflamm\u00e9e, a fait p\u00e9rir les proph\u00e8tes de la [&hellip;]<\/p>\n","protected":false},"author":2,"featured_media":0,"comment_status":"closed","ping_status":"closed","sticky":false,"template":"","format":"standard","meta":{"footnotes":""},"categories":[3,13,28],"tags":[127,1382,342,842,1042,1044],"class_list":["post-6441","post","type-post","status-publish","format-standard","hentry","category-liturgique","category-ecritures","category-saints-et-saintes","tag-avent","tag-ecritures","tag-elie","tag-prophetes","tag-st-jean-baptiste","tag-st-jean-de-damas"],"_links":{"self":[{"href":"https:\/\/www.associationdemarie.org\/blog\/wp-json\/wp\/v2\/posts\/6441","targetHints":{"allow":["GET"]}}],"collection":[{"href":"https:\/\/www.associationdemarie.org\/blog\/wp-json\/wp\/v2\/posts"}],"about":[{"href":"https:\/\/www.associationdemarie.org\/blog\/wp-json\/wp\/v2\/types\/post"}],"author":[{"embeddable":true,"href":"https:\/\/www.associationdemarie.org\/blog\/wp-json\/wp\/v2\/users\/2"}],"replies":[{"embeddable":true,"href":"https:\/\/www.associationdemarie.org\/blog\/wp-json\/wp\/v2\/comments?post=6441"}],"version-history":[{"count":0,"href":"https:\/\/www.associationdemarie.org\/blog\/wp-json\/wp\/v2\/posts\/6441\/revisions"}],"wp:attachment":[{"href":"https:\/\/www.associationdemarie.org\/blog\/wp-json\/wp\/v2\/media?parent=6441"}],"wp:term":[{"taxonomy":"category","embeddable":true,"href":"https:\/\/www.associationdemarie.org\/blog\/wp-json\/wp\/v2\/categories?post=6441"},{"taxonomy":"post_tag","embeddable":true,"href":"https:\/\/www.associationdemarie.org\/blog\/wp-json\/wp\/v2\/tags?post=6441"}],"curies":[{"name":"wp","href":"https:\/\/api.w.org\/{rel}","templated":true}]}}